{"id":1729,"date":"2023-07-05T09:11:00","date_gmt":"2023-07-05T07:11:00","guid":{"rendered":"https:\/\/senat.cm\/?p=1729"},"modified":"2023-09-26T09:12:04","modified_gmt":"2023-09-26T07:12:04","slug":"document-de-programmation-economique-et-budgetaire-a-court-et-moyen-terme-2024-2026","status":"publish","type":"post","link":"https:\/\/senat.cm\/?p=1729","title":{"rendered":"Document de Programmation \u00c9conomique et Budg\u00e9taire \u00e0 court et moyen terme 2024-2026"},"content":{"rendered":"\n<p>Le Ministre des Finances est devant la Commune des Finances et du Budget. Louis Paul Motaze pr\u00e9sente les grandes lignes du Document de Programmation \u00c9conomique et Budg\u00e9taire \u00e0 court et moyen terme 2024-2026. Au nombre des pr\u00e9occupations relev\u00e9es par les S\u00e9nateurs, les dol\u00e9ances des R\u00e9gions et l&#8217;impact dudit document sur les populations.<\/p>\n\n\n\n<figure class=\"wp-block-gallery has-nested-images columns-default is-cropped wp-block-gallery-1 is-layout-flex wp-block-gallery-is-layout-flex\">\n<figure class=\"wp-block-image size-large\"><img loading=\"lazy\" decoding=\"async\" width=\"1024\" height=\"768\" data-id=\"1733\" src=\"https:\/\/senat.cm\/wp-content\/uploads\/2023\/09\/358032060_175668852156662_5293419907683268158_n-1024x768.jpeg\" alt=\"\" class=\"wp-image-1733\" srcset=\"https:\/\/senat.cm\/wp-content\/uploads\/2023\/09\/358032060_175668852156662_5293419907683268158_n-1024x768.jpeg 1024w, https:\/\/senat.cm\/wp-content\/uploads\/2023\/09\/358032060_175668852156662_5293419907683268158_n-300x225.jpeg 300w, https:\/\/senat.cm\/wp-content\/uploads\/2023\/09\/358032060_175668852156662_5293419907683268158_n-768x576.jpeg 768w, https:\/\/senat.cm\/wp-content\/uploads\/2023\/09\/358032060_175668852156662_5293419907683268158_n.jpeg 1080w\" sizes=\"auto, (max-width: 1024px) 100vw, 1024px\" \/><\/figure>\n\n\n\n<figure class=\"wp-block-image size-large\"><img loading=\"lazy\" decoding=\"async\" width=\"1024\" height=\"768\" data-id=\"1731\" src=\"https:\/\/senat.cm\/wp-content\/uploads\/2023\/09\/358079390_175668735490007_1726076230074062405_n-1024x768.jpeg\" alt=\"\" class=\"wp-image-1731\" srcset=\"https:\/\/senat.cm\/wp-content\/uploads\/2023\/09\/358079390_175668735490007_1726076230074062405_n-1024x768.jpeg 1024w, https:\/\/senat.cm\/wp-content\/uploads\/2023\/09\/358079390_175668735490007_1726076230074062405_n-300x225.jpeg 300w, https:\/\/senat.cm\/wp-content\/uploads\/2023\/09\/358079390_175668735490007_1726076230074062405_n-768x576.jpeg 768w, https:\/\/senat.cm\/wp-content\/uploads\/2023\/09\/358079390_175668735490007_1726076230074062405_n.jpeg 1080w\" sizes=\"auto, (max-width: 1024px) 100vw, 1024px\" \/><\/figure>\n\n\n\n<figure class=\"wp-block-image size-large\"><img loading=\"lazy\" decoding=\"async\" width=\"1024\" height=\"768\" data-id=\"1735\" src=\"https:\/\/senat.cm\/wp-content\/uploads\/2023\/09\/358413496_175668768823337_823215241656784579_n-1-1024x768.jpeg\" alt=\"\" class=\"wp-image-1735\" srcset=\"https:\/\/senat.cm\/wp-content\/uploads\/2023\/09\/358413496_175668768823337_823215241656784579_n-1-1024x768.jpeg 1024w, https:\/\/senat.cm\/wp-content\/uploads\/2023\/09\/358413496_175668768823337_823215241656784579_n-1-300x225.jpeg 300w, https:\/\/senat.cm\/wp-content\/uploads\/2023\/09\/358413496_175668768823337_823215241656784579_n-1-768x576.jpeg 768w, https:\/\/senat.cm\/wp-content\/uploads\/2023\/09\/358413496_175668768823337_823215241656784579_n-1.jpeg 1080w\" sizes=\"auto, (max-width: 1024px) 100vw, 1024px\" \/><\/figure>\n\n\n\n<figure class=\"wp-block-image size-large\"><img loading=\"lazy\" decoding=\"async\" width=\"1024\" height=\"768\" data-id=\"1734\" src=\"https:\/\/senat.cm\/wp-content\/uploads\/2023\/09\/358474033_175668825489998_8516670816481349651_n-1024x768.jpeg\" alt=\"\" class=\"wp-image-1734\" srcset=\"https:\/\/senat.cm\/wp-content\/uploads\/2023\/09\/358474033_175668825489998_8516670816481349651_n-1024x768.jpeg 1024w, https:\/\/senat.cm\/wp-content\/uploads\/2023\/09\/358474033_175668825489998_8516670816481349651_n-300x225.jpeg 300w, https:\/\/senat.cm\/wp-content\/uploads\/2023\/09\/358474033_175668825489998_8516670816481349651_n-768x576.jpeg 768w, https:\/\/senat.cm\/wp-content\/uploads\/2023\/09\/358474033_175668825489998_8516670816481349651_n.jpeg 1080w\" sizes=\"auto, (max-width: 1024px) 100vw, 1024px\" \/><\/figure>\n\n\n\n<figure class=\"wp-block-image size-large\"><img loading=\"lazy\" decoding=\"async\" width=\"1024\" height=\"768\" data-id=\"1732\" src=\"https:\/\/senat.cm\/wp-content\/uploads\/2023\/09\/358488268_175668615490019_2511036675951781481_n-1024x768.jpeg\" alt=\"\" class=\"wp-image-1732\" srcset=\"https:\/\/senat.cm\/wp-content\/uploads\/2023\/09\/358488268_175668615490019_2511036675951781481_n-1024x768.jpeg 1024w, https:\/\/senat.cm\/wp-content\/uploads\/2023\/09\/358488268_175668615490019_2511036675951781481_n-300x225.jpeg 300w, https:\/\/senat.cm\/wp-content\/uploads\/2023\/09\/358488268_175668615490019_2511036675951781481_n-768x576.jpeg 768w, https:\/\/senat.cm\/wp-content\/uploads\/2023\/09\/358488268_175668615490019_2511036675951781481_n.jpeg 1080w\" sizes=\"auto, (max-width: 1024px) 100vw, 1024px\" \/><\/figure>\n<\/figure>\n","protected":false},"excerpt":{"rendered":"<p>Le Ministre des Finances est devant la Commune des Finances et du Budget. Louis Paul Motaze pr\u00e9sente les grandes lignes du Document de Programmation \u00c9conomique et Budg\u00e9taire \u00e0 court et moyen terme 2024-2026. Au nombre des pr\u00e9occupations relev\u00e9es par les S\u00e9nateurs, les dol\u00e9ances des R\u00e9gions et l&#8217;impact dudit document sur les populations.<\/p>\n","protected":false},"author":1,"featured_media":1730,"comment_status":"open","ping_status":"open","sticky":false,"template":"","format":"standard","meta":{"_monsterinsights_skip_tracking":false,"_monsterinsights_sitenote_active":false,"_monsterinsights_sitenote_note":"","_monsterinsights_sitenote_category":0,"footnotes":""},"categories":[2,1],"tags":[],"post_folder":[],"class_list":["post-1729","post","type-post","status-publish","format-standard","has-post-thumbnail","hentry","category-senat-1","category-non-classe"],"_links":{"self":[{"href":"https:\/\/senat.cm\/index.php?rest_route=\/wp\/v2\/posts\/1729","targetHints":{"allow":["GET"]}}],"collection":[{"href":"https:\/\/senat.cm\/index.php?rest_route=\/wp\/v2\/posts"}],"about":[{"href":"https:\/\/senat.cm\/index.php?rest_route=\/wp\/v2\/types\/post"}],"author":[{"embeddable":true,"href":"https:\/\/senat.cm\/index.php?rest_route=\/wp\/v2\/users\/1"}],"replies":[{"embeddable":true,"href":"https:\/\/senat.cm\/index.php?rest_route=%2Fwp%2Fv2%2Fcomments&post=1729"}],"version-history":[{"count":1,"href":"https:\/\/senat.cm\/index.php?rest_route=\/wp\/v2\/posts\/1729\/revisions"}],"predecessor-version":[{"id":1736,"href":"https:\/\/senat.cm\/index.php?rest_route=\/wp\/v2\/posts\/1729\/revisions\/1736"}],"wp:featuredmedia":[{"embeddable":true,"href":"https:\/\/senat.cm\/index.php?rest_route=\/wp\/v2\/media\/1730"}],"wp:attachment":[{"href":"https:\/\/senat.cm\/index.php?rest_route=%2Fwp%2Fv2%2Fmedia&parent=1729"}],"wp:term":[{"taxonomy":"category","embeddable":true,"href":"https:\/\/senat.cm\/index.php?rest_route=%2Fwp%2Fv2%2Fcategories&post=1729"},{"taxonomy":"post_tag","embeddable":true,"href":"https:\/\/senat.cm\/index.php?rest_route=%2Fwp%2Fv2%2Ftags&post=1729"},{"taxonomy":"post_folder","embeddable":true,"href":"https:\/\/senat.cm\/index.php?rest_route=%2Fwp%2Fv2%2Fpost_folder&post=1729"}],"curies":[{"name":"wp","href":"https:\/\/api.w.org\/{rel}","templated":true}]}}