{"id":2003,"date":"2023-09-27T11:24:00","date_gmt":"2023-09-27T09:24:00","guid":{"rendered":"https:\/\/senat.cm\/?p=2003"},"modified":"2023-10-02T11:26:33","modified_gmt":"2023-10-02T09:26:33","slug":"conference-parlementaire-regionale-le-senat-du-cameroun-est-a-ndjamena","status":"publish","type":"post","link":"https:\/\/senat.cm\/?p=2003","title":{"rendered":"Conf\u00e9rence Parlementaire R\u00e9gionale: Le S\u00e9nat du Cameroun est \u00e0 N&#8217;Djamena."},"content":{"rendered":"\n<p>La d\u00e9l\u00e9gation de la Chambre Haute du Parlement, conduite par le Vice-Pr\u00e9sident, Robert NKILI prend part aux assises plac\u00e9es sous le th\u00e8me : &#8221; GOUVERNANCE ET PROMOTION DE LA RATIFICATION, L&#8217;INCORPORATION L\u00c9GISLATIVE ET LA MISE EN OEUVRE DES INSTRUMENTS JURIDIQUES DE L&#8217;UNION AFRICAINE SUR LES VALEURS PARTAG\u00c9ES&#8221;. La rencontre s&#8217;ach\u00e8ve ce mercredi 27 Septembre.<\/p>\n\n\n\n<figure class=\"wp-block-gallery has-nested-images columns-default is-cropped wp-block-gallery-1 is-layout-flex wp-block-gallery-is-layout-flex\">\n<figure class=\"wp-block-image size-large\"><img loading=\"lazy\" decoding=\"async\" width=\"767\" height=\"1024\" data-id=\"2004\" src=\"https:\/\/senat.cm\/wp-content\/uploads\/2023\/10\/383411412_224102900646590_4978864000414819399_n-767x1024.jpeg\" alt=\"\" class=\"wp-image-2004\" srcset=\"https:\/\/senat.cm\/wp-content\/uploads\/2023\/10\/383411412_224102900646590_4978864000414819399_n-767x1024.jpeg 767w, https:\/\/senat.cm\/wp-content\/uploads\/2023\/10\/383411412_224102900646590_4978864000414819399_n-225x300.jpeg 225w, https:\/\/senat.cm\/wp-content\/uploads\/2023\/10\/383411412_224102900646590_4978864000414819399_n-768x1026.jpeg 768w, https:\/\/senat.cm\/wp-content\/uploads\/2023\/10\/383411412_224102900646590_4978864000414819399_n.jpeg 945w\" sizes=\"auto, (max-width: 767px) 100vw, 767px\" \/><\/figure>\n\n\n\n<figure class=\"wp-block-image size-large\"><img loading=\"lazy\" decoding=\"async\" width=\"772\" height=\"1024\" data-id=\"2006\" src=\"https:\/\/senat.cm\/wp-content\/uploads\/2023\/10\/383830343_224102970646583_4025850064048083627_n-772x1024.jpeg\" alt=\"\" class=\"wp-image-2006\" srcset=\"https:\/\/senat.cm\/wp-content\/uploads\/2023\/10\/383830343_224102970646583_4025850064048083627_n-772x1024.jpeg 772w, https:\/\/senat.cm\/wp-content\/uploads\/2023\/10\/383830343_224102970646583_4025850064048083627_n-226x300.jpeg 226w, https:\/\/senat.cm\/wp-content\/uploads\/2023\/10\/383830343_224102970646583_4025850064048083627_n-768x1019.jpeg 768w, https:\/\/senat.cm\/wp-content\/uploads\/2023\/10\/383830343_224102970646583_4025850064048083627_n.jpeg 945w\" sizes=\"auto, (max-width: 772px) 100vw, 772px\" \/><\/figure>\n\n\n\n<figure class=\"wp-block-image size-large\"><img loading=\"lazy\" decoding=\"async\" width=\"763\" height=\"1024\" data-id=\"2005\" src=\"https:\/\/senat.cm\/wp-content\/uploads\/2023\/10\/383831045_224103003979913_5723917029354458487_n-763x1024.jpeg\" alt=\"\" class=\"wp-image-2005\" srcset=\"https:\/\/senat.cm\/wp-content\/uploads\/2023\/10\/383831045_224103003979913_5723917029354458487_n-763x1024.jpeg 763w, https:\/\/senat.cm\/wp-content\/uploads\/2023\/10\/383831045_224103003979913_5723917029354458487_n-223x300.jpeg 223w, https:\/\/senat.cm\/wp-content\/uploads\/2023\/10\/383831045_224103003979913_5723917029354458487_n-768x1031.jpeg 768w, https:\/\/senat.cm\/wp-content\/uploads\/2023\/10\/383831045_224103003979913_5723917029354458487_n.jpeg 945w\" sizes=\"auto, (max-width: 763px) 100vw, 763px\" \/><\/figure>\n<\/figure>\n","protected":false},"excerpt":{"rendered":"<p>La d\u00e9l\u00e9gation de la Chambre Haute du Parlement, conduite par le Vice-Pr\u00e9sident, Robert NKILI prend part aux assises plac\u00e9es sous le th\u00e8me : &#8221; GOUVERNANCE ET PROMOTION DE LA RATIFICATION, L&#8217;INCORPORATION L\u00c9GISLATIVE ET LA MISE EN OEUVRE DES INSTRUMENTS JURIDIQUES DE L&#8217;UNION AFRICAINE SUR LES VALEURS PARTAG\u00c9ES&#8221;. La rencontre s&#8217;ach\u00e8ve ce mercredi 27 Septembre.<\/p>\n","protected":false},"author":1,"featured_media":2004,"comment_status":"open","ping_status":"open","sticky":false,"template":"","format":"standard","meta":{"_monsterinsights_skip_tracking":false,"_monsterinsights_sitenote_active":false,"_monsterinsights_sitenote_note":"","_monsterinsights_sitenote_category":0,"footnotes":""},"categories":[1],"tags":[],"post_folder":[],"class_list":["post-2003","post","type-post","status-publish","format-standard","has-post-thumbnail","hentry","category-non-classe"],"_links":{"self":[{"href":"https:\/\/senat.cm\/index.php?rest_route=\/wp\/v2\/posts\/2003","targetHints":{"allow":["GET"]}}],"collection":[{"href":"https:\/\/senat.cm\/index.php?rest_route=\/wp\/v2\/posts"}],"about":[{"href":"https:\/\/senat.cm\/index.php?rest_route=\/wp\/v2\/types\/post"}],"author":[{"embeddable":true,"href":"https:\/\/senat.cm\/index.php?rest_route=\/wp\/v2\/users\/1"}],"replies":[{"embeddable":true,"href":"https:\/\/senat.cm\/index.php?rest_route=%2Fwp%2Fv2%2Fcomments&post=2003"}],"version-history":[{"count":1,"href":"https:\/\/senat.cm\/index.php?rest_route=\/wp\/v2\/posts\/2003\/revisions"}],"predecessor-version":[{"id":2007,"href":"https:\/\/senat.cm\/index.php?rest_route=\/wp\/v2\/posts\/2003\/revisions\/2007"}],"wp:featuredmedia":[{"embeddable":true,"href":"https:\/\/senat.cm\/index.php?rest_route=\/wp\/v2\/media\/2004"}],"wp:attachment":[{"href":"https:\/\/senat.cm\/index.php?rest_route=%2Fwp%2Fv2%2Fmedia&parent=2003"}],"wp:term":[{"taxonomy":"category","embeddable":true,"href":"https:\/\/senat.cm\/index.php?rest_route=%2Fwp%2Fv2%2Fcategories&post=2003"},{"taxonomy":"post_tag","embeddable":true,"href":"https:\/\/senat.cm\/index.php?rest_route=%2Fwp%2Fv2%2Ftags&post=2003"},{"taxonomy":"post_folder","embeddable":true,"href":"https:\/\/senat.cm\/index.php?rest_route=%2Fwp%2Fv2%2Fpost_folder&post=2003"}],"curies":[{"name":"wp","href":"https:\/\/api.w.org\/{rel}","templated":true}]}}