{"id":2097,"date":"2023-10-09T14:13:48","date_gmt":"2023-10-09T12:13:48","guid":{"rendered":"https:\/\/senat.cm\/?p=2097"},"modified":"2023-10-09T14:13:50","modified_gmt":"2023-10-09T12:13:50","slug":"le-senateur-seidou-mbombo-njoya-ouvre-un-cabinet-parlementaire-pour-la-population-de-foumban","status":"publish","type":"post","link":"https:\/\/senat.cm\/?p=2097","title":{"rendered":"Le S\u00e9nateur Se\u00efdou MBOMBO NJOYA ouvre un cabinet parlementaire pour la population de Foumban."},"content":{"rendered":"\n<p>Foumban: un cabinet parlementaire pour les populations.<\/p>\n\n\n\n<p>L&#8217; initiative est du S\u00e9nateur de l\u2019Ouest Seidou Mbombo Njoya. La c\u00e9r\u00e9monie officielle d\u2019ouverture du cabinet a eu lieu ce week-end, en pr\u00e9sence de plusieurs personnalit\u00e9s et militants du Rassemblement D\u00e9mocratique du Peuple Camerounais. Cette structure sera: &lt;&lt; un cadre de rencontres permanentes avec les collectivit\u00e9s territoriales et les populations, afin de r\u00e9fl\u00e9chir ensemble pour trouver des solutions idoines aux probl\u00e8mes de d\u00e9veloppement>>, a pr\u00e9cis\u00e9 le S\u00e9nateur.<\/p>\n\n\n\n<figure class=\"wp-block-gallery has-nested-images columns-default is-cropped wp-block-gallery-1 is-layout-flex wp-block-gallery-is-layout-flex\">\n<figure class=\"wp-block-image size-large\"><img loading=\"lazy\" decoding=\"async\" width=\"791\" height=\"1024\" data-id=\"2098\" src=\"https:\/\/senat.cm\/wp-content\/uploads\/2023\/10\/387166630_230656506657896_1528007605063887663_n-791x1024.jpeg\" alt=\"\" class=\"wp-image-2098\" srcset=\"https:\/\/senat.cm\/wp-content\/uploads\/2023\/10\/387166630_230656506657896_1528007605063887663_n-791x1024.jpeg 791w, https:\/\/senat.cm\/wp-content\/uploads\/2023\/10\/387166630_230656506657896_1528007605063887663_n-232x300.jpeg 232w, https:\/\/senat.cm\/wp-content\/uploads\/2023\/10\/387166630_230656506657896_1528007605063887663_n-768x994.jpeg 768w, https:\/\/senat.cm\/wp-content\/uploads\/2023\/10\/387166630_230656506657896_1528007605063887663_n.jpeg 945w\" sizes=\"auto, (max-width: 791px) 100vw, 791px\" \/><\/figure>\n\n\n\n<figure class=\"wp-block-image size-large\"><img loading=\"lazy\" decoding=\"async\" width=\"945\" height=\"641\" data-id=\"2099\" src=\"https:\/\/senat.cm\/wp-content\/uploads\/2023\/10\/386787442_230656466657900_5316876228480617979_n.jpeg\" alt=\"\" class=\"wp-image-2099\" srcset=\"https:\/\/senat.cm\/wp-content\/uploads\/2023\/10\/386787442_230656466657900_5316876228480617979_n.jpeg 945w, https:\/\/senat.cm\/wp-content\/uploads\/2023\/10\/386787442_230656466657900_5316876228480617979_n-300x203.jpeg 300w, https:\/\/senat.cm\/wp-content\/uploads\/2023\/10\/386787442_230656466657900_5316876228480617979_n-768x521.jpeg 768w\" sizes=\"auto, (max-width: 945px) 100vw, 945px\" \/><\/figure>\n\n\n\n<figure class=\"wp-block-image size-large\"><img loading=\"lazy\" decoding=\"async\" width=\"945\" height=\"626\" data-id=\"2100\" src=\"https:\/\/senat.cm\/wp-content\/uploads\/2023\/10\/387123918_230656383324575_2870101227399197058_n.jpeg\" alt=\"\" class=\"wp-image-2100\" srcset=\"https:\/\/senat.cm\/wp-content\/uploads\/2023\/10\/387123918_230656383324575_2870101227399197058_n.jpeg 945w, https:\/\/senat.cm\/wp-content\/uploads\/2023\/10\/387123918_230656383324575_2870101227399197058_n-300x199.jpeg 300w, https:\/\/senat.cm\/wp-content\/uploads\/2023\/10\/387123918_230656383324575_2870101227399197058_n-768x509.jpeg 768w\" sizes=\"auto, (max-width: 945px) 100vw, 945px\" \/><\/figure>\n\n\n\n<figure class=\"wp-block-image size-large\"><img loading=\"lazy\" decoding=\"async\" width=\"945\" height=\"652\" data-id=\"2101\" src=\"https:\/\/senat.cm\/wp-content\/uploads\/2023\/10\/387158274_230656423324571_2343889736763348664_n.jpeg\" alt=\"\" class=\"wp-image-2101\" srcset=\"https:\/\/senat.cm\/wp-content\/uploads\/2023\/10\/387158274_230656423324571_2343889736763348664_n.jpeg 945w, https:\/\/senat.cm\/wp-content\/uploads\/2023\/10\/387158274_230656423324571_2343889736763348664_n-300x207.jpeg 300w, https:\/\/senat.cm\/wp-content\/uploads\/2023\/10\/387158274_230656423324571_2343889736763348664_n-768x530.jpeg 768w\" sizes=\"auto, (max-width: 945px) 100vw, 945px\" \/><\/figure>\n<\/figure>\n","protected":false},"excerpt":{"rendered":"<p>Foumban: un cabinet parlementaire pour les populations. L&#8217; initiative est du S\u00e9nateur de l\u2019Ouest Seidou Mbombo Njoya. La c\u00e9r\u00e9monie officielle d\u2019ouverture du cabinet a eu lieu ce week-end, en pr\u00e9sence de plusieurs personnalit\u00e9s et militants du Rassemblement D\u00e9mocratique du Peuple Camerounais. Cette structure sera: &lt;&lt; un cadre de rencontres permanentes avec les collectivit\u00e9s territoriales et [&hellip;]<\/p>\n","protected":false},"author":1,"featured_media":2098,"comment_status":"open","ping_status":"open","sticky":false,"template":"","format":"standard","meta":{"_monsterinsights_skip_tracking":false,"_monsterinsights_sitenote_active":false,"_monsterinsights_sitenote_note":"","_monsterinsights_sitenote_category":0,"footnotes":""},"categories":[1],"tags":[],"post_folder":[],"class_list":["post-2097","post","type-post","status-publish","format-standard","has-post-thumbnail","hentry","category-non-classe"],"_links":{"self":[{"href":"https:\/\/senat.cm\/index.php?rest_route=\/wp\/v2\/posts\/2097","targetHints":{"allow":["GET"]}}],"collection":[{"href":"https:\/\/senat.cm\/index.php?rest_route=\/wp\/v2\/posts"}],"about":[{"href":"https:\/\/senat.cm\/index.php?rest_route=\/wp\/v2\/types\/post"}],"author":[{"embeddable":true,"href":"https:\/\/senat.cm\/index.php?rest_route=\/wp\/v2\/users\/1"}],"replies":[{"embeddable":true,"href":"https:\/\/senat.cm\/index.php?rest_route=%2Fwp%2Fv2%2Fcomments&post=2097"}],"version-history":[{"count":1,"href":"https:\/\/senat.cm\/index.php?rest_route=\/wp\/v2\/posts\/2097\/revisions"}],"predecessor-version":[{"id":2102,"href":"https:\/\/senat.cm\/index.php?rest_route=\/wp\/v2\/posts\/2097\/revisions\/2102"}],"wp:featuredmedia":[{"embeddable":true,"href":"https:\/\/senat.cm\/index.php?rest_route=\/wp\/v2\/media\/2098"}],"wp:attachment":[{"href":"https:\/\/senat.cm\/index.php?rest_route=%2Fwp%2Fv2%2Fmedia&parent=2097"}],"wp:term":[{"taxonomy":"category","embeddable":true,"href":"https:\/\/senat.cm\/index.php?rest_route=%2Fwp%2Fv2%2Fcategories&post=2097"},{"taxonomy":"post_tag","embeddable":true,"href":"https:\/\/senat.cm\/index.php?rest_route=%2Fwp%2Fv2%2Ftags&post=2097"},{"taxonomy":"post_folder","embeddable":true,"href":"https:\/\/senat.cm\/index.php?rest_route=%2Fwp%2Fv2%2Fpost_folder&post=2097"}],"curies":[{"name":"wp","href":"https:\/\/api.w.org\/{rel}","templated":true}]}}