{"id":2496,"date":"2024-01-04T11:50:00","date_gmt":"2024-01-04T10:50:00","guid":{"rendered":"https:\/\/senat.cm\/?p=2496"},"modified":"2024-01-04T10:09:53","modified_gmt":"2024-01-04T09:09:53","slug":"les-senateurs-sur-le-terrain","status":"publish","type":"post","link":"https:\/\/senat.cm\/?p=2496","title":{"rendered":"LES S\u00c9NATEURS SUR LE TERRAIN"},"content":{"rendered":"\n<p><strong>BIBEMI: LE DIPTYQUE ARM\u00c9E-NATION EN MARCHE<\/strong><\/p>\n\n\n\n<p>Soutien aux comit\u00e9s de vigilance dans l&#8217;arrondissement de Bibemi, D\u00e9partement de la Benou\u00e9, R\u00e9gion du Nord, le S\u00e9nateur Oumarou Vaidang par ailleurs Chef traditionnel dans ladite localit\u00e9, poursuit le combat contre l&#8217;ins\u00e9curit\u00e9.<\/p>\n\n\n\n<p>C&#8217;\u00e9tait ce 29 d\u00e9cembre 2023 au cours d&#8217;une c\u00e9r\u00e9monie de remise de mat\u00e9riel de s\u00e9curit\u00e9 aux membres des comit\u00e9s de vigilance de plusieurs secteurs de ce vaste arrondissement, situ\u00e9 \u00e0 65km de Garoua Chef-lieu de la r\u00e9gion et qui s&#8217;\u00e9tend sur 2535 km2. Occasion pour le s\u00e9nateur de saluer le d\u00e9vouement de ces compatriotes qui ont compris que la s\u00e9curit\u00e9 est une affaire de tous.<br>Rappelons que pour mener une riposte efficace, les autorit\u00e9s militaires doivent pouvoir compter sur l&#8217;aide des membres des comit\u00e9s de vigilance. Des groupes d&#8217;autod\u00e9fense qui jouent un r\u00f4le important dans le renseignement pr\u00e9visionnel et tr\u00e8s souvent, tiennent t\u00eate aux terroristes. Au vu de leur contribution au renforcement du dispositif s\u00e9curitaire, le S\u00e9nateur s&#8217;est dit heureux de les redynamiser, par ce geste, pour marquer la nouvelle ann\u00e9e.<\/p>\n","protected":false},"excerpt":{"rendered":"<p>BIBEMI: LE DIPTYQUE ARM\u00c9E-NATION EN MARCHE Soutien aux comit\u00e9s de vigilance dans l&#8217;arrondissement de Bibemi, D\u00e9partement de la Benou\u00e9, R\u00e9gion du Nord, le S\u00e9nateur Oumarou Vaidang par ailleurs Chef traditionnel dans ladite localit\u00e9, poursuit le combat contre l&#8217;ins\u00e9curit\u00e9. C&#8217;\u00e9tait ce 29 d\u00e9cembre 2023 au cours d&#8217;une c\u00e9r\u00e9monie de remise de mat\u00e9riel de s\u00e9curit\u00e9 aux membres [&hellip;]<\/p>\n","protected":false},"author":2,"featured_media":2497,"comment_status":"open","ping_status":"open","sticky":true,"template":"","format":"standard","meta":{"_monsterinsights_skip_tracking":false,"_monsterinsights_sitenote_active":false,"_monsterinsights_sitenote_note":"","_monsterinsights_sitenote_category":0,"footnotes":""},"categories":[1],"tags":[268,292,272,290],"post_folder":[],"class_list":["post-2496","post","type-post","status-publish","format-standard","has-post-thumbnail","hentry","category-non-classe","tag-cameroun","tag-decentralisation-au-cameroun","tag-senateur","tag-solidarite"],"_links":{"self":[{"href":"https:\/\/senat.cm\/index.php?rest_route=\/wp\/v2\/posts\/2496","targetHints":{"allow":["GET"]}}],"collection":[{"href":"https:\/\/senat.cm\/index.php?rest_route=\/wp\/v2\/posts"}],"about":[{"href":"https:\/\/senat.cm\/index.php?rest_route=\/wp\/v2\/types\/post"}],"author":[{"embeddable":true,"href":"https:\/\/senat.cm\/index.php?rest_route=\/wp\/v2\/users\/2"}],"replies":[{"embeddable":true,"href":"https:\/\/senat.cm\/index.php?rest_route=%2Fwp%2Fv2%2Fcomments&post=2496"}],"version-history":[{"count":1,"href":"https:\/\/senat.cm\/index.php?rest_route=\/wp\/v2\/posts\/2496\/revisions"}],"predecessor-version":[{"id":2503,"href":"https:\/\/senat.cm\/index.php?rest_route=\/wp\/v2\/posts\/2496\/revisions\/2503"}],"wp:featuredmedia":[{"embeddable":true,"href":"https:\/\/senat.cm\/index.php?rest_route=\/wp\/v2\/media\/2497"}],"wp:attachment":[{"href":"https:\/\/senat.cm\/index.php?rest_route=%2Fwp%2Fv2%2Fmedia&parent=2496"}],"wp:term":[{"taxonomy":"category","embeddable":true,"href":"https:\/\/senat.cm\/index.php?rest_route=%2Fwp%2Fv2%2Fcategories&post=2496"},{"taxonomy":"post_tag","embeddable":true,"href":"https:\/\/senat.cm\/index.php?rest_route=%2Fwp%2Fv2%2Ftags&post=2496"},{"taxonomy":"post_folder","embeddable":true,"href":"https:\/\/senat.cm\/index.php?rest_route=%2Fwp%2Fv2%2Fpost_folder&post=2496"}],"curies":[{"name":"wp","href":"https:\/\/api.w.org\/{rel}","templated":true}]}}