{"id":2548,"date":"2024-01-19T09:27:01","date_gmt":"2024-01-19T08:27:01","guid":{"rendered":"https:\/\/senat.cm\/?p=2548"},"modified":"2024-01-19T09:58:40","modified_gmt":"2024-01-19T08:58:40","slug":"solennite-et-glamour-avec-les-dames-senateurs-au-palais-de-lunite","status":"publish","type":"post","link":"https:\/\/senat.cm\/?p=2548","title":{"rendered":"SOLENNITE ET GLAMOUR AVEC LES DAMES S\u00c9NATEURS AU PALAIS DE L&#8217;UNIT\u00c9."},"content":{"rendered":"\n<h2 class=\"wp-block-heading\">Une communion parfaite entre les dames s\u00e9nateurs et madame Chantal Biya lors des v\u0153ux du Nouvel An.<\/h2>\n\n\n\n<p>Le S\u00e9nat au f\u00e9minin \u00e9tait tr\u00e8s repr\u00e9sent\u00e9e samedi dernier 7 janvier 2024, au palais de l&#8217;unit\u00e9 pour la pr\u00e9sentation des v\u0153ux de nouvel an \u00e0 la premi\u00e8re dame de la R\u00e9publique madame Chantal Biya.<\/p>\n\n\n\n<p>La premi\u00e8re d\u00e9l\u00e9gation \u00e0 communier avec la premi\u00e8re dame  \u00e9tait constitu\u00e9e des conjoints des membres du bureau du S\u00e9nat dirig\u00e9s par Madame Anasthasie Nkili, \u00e9pouse du vice-pr\u00e9sident du S\u00e9nat Prof. Robert Nkili, qui \u00e9tait le repr\u00e9sentant de Madame Marcie Niat, \u00e9pouse du pr\u00e9sident du S\u00e9nat.<\/p>\n\n\n\n<figure class=\"wp-block-image size-full\"><img loading=\"lazy\" decoding=\"async\" width=\"920\" height=\"614\" src=\"https:\/\/senat.cm\/wp-content\/uploads\/2024\/01\/WhatsApp-Image-2024-01-09-at-3.39.14-PM.jpeg\" alt=\"\" class=\"wp-image-2517\" srcset=\"https:\/\/senat.cm\/wp-content\/uploads\/2024\/01\/WhatsApp-Image-2024-01-09-at-3.39.14-PM.jpeg 920w, https:\/\/senat.cm\/wp-content\/uploads\/2024\/01\/WhatsApp-Image-2024-01-09-at-3.39.14-PM-300x200.jpeg 300w, https:\/\/senat.cm\/wp-content\/uploads\/2024\/01\/WhatsApp-Image-2024-01-09-at-3.39.14-PM-768x513.jpeg 768w\" sizes=\"auto, (max-width: 920px) 100vw, 920px\" \/><\/figure>\n\n\n\n<p>Alors que la deuxi\u00e8me d\u00e9l\u00e9gation compos\u00e9e de femmes s\u00e9natrices de la chambre haute du Parlement, \u00e9tait conduite par le vice-pr\u00e9sident du S\u00e9nat Din Bell.<\/p>\n\n\n\n<figure class=\"wp-block-image size-full\"><img loading=\"lazy\" decoding=\"async\" width=\"920\" height=\"614\" src=\"https:\/\/senat.cm\/wp-content\/uploads\/2024\/01\/WhatsApp-Image-2024-01-09-at-3.39.15-PM-1.jpeg\" alt=\"\" class=\"wp-image-2518\" srcset=\"https:\/\/senat.cm\/wp-content\/uploads\/2024\/01\/WhatsApp-Image-2024-01-09-at-3.39.15-PM-1.jpeg 920w, https:\/\/senat.cm\/wp-content\/uploads\/2024\/01\/WhatsApp-Image-2024-01-09-at-3.39.15-PM-1-300x200.jpeg 300w, https:\/\/senat.cm\/wp-content\/uploads\/2024\/01\/WhatsApp-Image-2024-01-09-at-3.39.15-PM-1-768x513.jpeg 768w\" sizes=\"auto, (max-width: 920px) 100vw, 920px\" \/><\/figure>\n\n\n\n<figure class=\"wp-block-image size-large\"><img loading=\"lazy\" decoding=\"async\" width=\"882\" height=\"1024\" src=\"https:\/\/senat.cm\/wp-content\/uploads\/2024\/01\/WhatsApp-Image-2024-01-09-at-3.39.16-PM-882x1024.jpeg\" alt=\"\" class=\"wp-image-2520\" srcset=\"https:\/\/senat.cm\/wp-content\/uploads\/2024\/01\/WhatsApp-Image-2024-01-09-at-3.39.16-PM-882x1024.jpeg 882w, https:\/\/senat.cm\/wp-content\/uploads\/2024\/01\/WhatsApp-Image-2024-01-09-at-3.39.16-PM-258x300.jpeg 258w, https:\/\/senat.cm\/wp-content\/uploads\/2024\/01\/WhatsApp-Image-2024-01-09-at-3.39.16-PM-768x892.jpeg 768w, https:\/\/senat.cm\/wp-content\/uploads\/2024\/01\/WhatsApp-Image-2024-01-09-at-3.39.16-PM.jpeg 930w\" sizes=\"auto, (max-width: 882px) 100vw, 882px\" \/><\/figure>\n\n\n\n<figure class=\"wp-block-image size-full\"><img loading=\"lazy\" decoding=\"async\" width=\"920\" height=\"614\" src=\"https:\/\/senat.cm\/wp-content\/uploads\/2024\/01\/WhatsApp-Image-2024-01-09-at-3.39.12-PM-1.jpeg\" alt=\"\" class=\"wp-image-2513\" srcset=\"https:\/\/senat.cm\/wp-content\/uploads\/2024\/01\/WhatsApp-Image-2024-01-09-at-3.39.12-PM-1.jpeg 920w, https:\/\/senat.cm\/wp-content\/uploads\/2024\/01\/WhatsApp-Image-2024-01-09-at-3.39.12-PM-1-300x200.jpeg 300w, https:\/\/senat.cm\/wp-content\/uploads\/2024\/01\/WhatsApp-Image-2024-01-09-at-3.39.12-PM-1-768x513.jpeg 768w\" sizes=\"auto, (max-width: 920px) 100vw, 920px\" \/><\/figure>\n\n\n\n<figure class=\"wp-block-image size-full\"><img loading=\"lazy\" decoding=\"async\" width=\"920\" height=\"614\" src=\"https:\/\/senat.cm\/wp-content\/uploads\/2024\/01\/WhatsApp-Image-2024-01-09-at-3.39.11-PM.jpeg\" alt=\"\" class=\"wp-image-2512\" srcset=\"https:\/\/senat.cm\/wp-content\/uploads\/2024\/01\/WhatsApp-Image-2024-01-09-at-3.39.11-PM.jpeg 920w, https:\/\/senat.cm\/wp-content\/uploads\/2024\/01\/WhatsApp-Image-2024-01-09-at-3.39.11-PM-300x200.jpeg 300w, https:\/\/senat.cm\/wp-content\/uploads\/2024\/01\/WhatsApp-Image-2024-01-09-at-3.39.11-PM-768x513.jpeg 768w\" sizes=\"auto, (max-width: 920px) 100vw, 920px\" \/><\/figure>\n\n\n\n<figure class=\"wp-block-image size-full\"><img loading=\"lazy\" decoding=\"async\" width=\"920\" height=\"614\" src=\"https:\/\/senat.cm\/wp-content\/uploads\/2024\/01\/WhatsApp-Image-2024-01-09-at-3.39.12-PM.jpeg\" alt=\"\" class=\"wp-image-2514\" srcset=\"https:\/\/senat.cm\/wp-content\/uploads\/2024\/01\/WhatsApp-Image-2024-01-09-at-3.39.12-PM.jpeg 920w, https:\/\/senat.cm\/wp-content\/uploads\/2024\/01\/WhatsApp-Image-2024-01-09-at-3.39.12-PM-300x200.jpeg 300w, https:\/\/senat.cm\/wp-content\/uploads\/2024\/01\/WhatsApp-Image-2024-01-09-at-3.39.12-PM-768x513.jpeg 768w\" sizes=\"auto, (max-width: 920px) 100vw, 920px\" \/><\/figure>\n\n\n\n<figure class=\"wp-block-image size-full\"><img loading=\"lazy\" decoding=\"async\" width=\"920\" height=\"614\" src=\"https:\/\/senat.cm\/wp-content\/uploads\/2024\/01\/WhatsApp-Image-2024-01-09-at-3.39.11-PM-1.jpeg\" alt=\"\" class=\"wp-image-2511\" srcset=\"https:\/\/senat.cm\/wp-content\/uploads\/2024\/01\/WhatsApp-Image-2024-01-09-at-3.39.11-PM-1.jpeg 920w, https:\/\/senat.cm\/wp-content\/uploads\/2024\/01\/WhatsApp-Image-2024-01-09-at-3.39.11-PM-1-300x200.jpeg 300w, https:\/\/senat.cm\/wp-content\/uploads\/2024\/01\/WhatsApp-Image-2024-01-09-at-3.39.11-PM-1-768x513.jpeg 768w\" sizes=\"auto, (max-width: 920px) 100vw, 920px\" \/><\/figure>\n\n\n\n<figure class=\"wp-block-image size-full\"><img loading=\"lazy\" decoding=\"async\" width=\"920\" height=\"614\" src=\"https:\/\/senat.cm\/wp-content\/uploads\/2024\/01\/WhatsApp-Image-2024-01-09-at-3.39.10-PM.jpeg\" alt=\"\" class=\"wp-image-2510\" srcset=\"https:\/\/senat.cm\/wp-content\/uploads\/2024\/01\/WhatsApp-Image-2024-01-09-at-3.39.10-PM.jpeg 920w, https:\/\/senat.cm\/wp-content\/uploads\/2024\/01\/WhatsApp-Image-2024-01-09-at-3.39.10-PM-300x200.jpeg 300w, https:\/\/senat.cm\/wp-content\/uploads\/2024\/01\/WhatsApp-Image-2024-01-09-at-3.39.10-PM-768x513.jpeg 768w\" sizes=\"auto, (max-width: 920px) 100vw, 920px\" \/><\/figure>\n\n\n\n<figure class=\"wp-block-image size-full\"><img loading=\"lazy\" decoding=\"async\" width=\"920\" height=\"614\" src=\"https:\/\/senat.cm\/wp-content\/uploads\/2024\/01\/WhatsApp-Image-2024-01-09-at-3.39.09-PM-1.jpeg\" alt=\"\" class=\"wp-image-2508\" srcset=\"https:\/\/senat.cm\/wp-content\/uploads\/2024\/01\/WhatsApp-Image-2024-01-09-at-3.39.09-PM-1.jpeg 920w, https:\/\/senat.cm\/wp-content\/uploads\/2024\/01\/WhatsApp-Image-2024-01-09-at-3.39.09-PM-1-300x200.jpeg 300w, https:\/\/senat.cm\/wp-content\/uploads\/2024\/01\/WhatsApp-Image-2024-01-09-at-3.39.09-PM-1-768x513.jpeg 768w\" sizes=\"auto, (max-width: 920px) 100vw, 920px\" \/><\/figure>\n\n\n\n<figure class=\"wp-block-image size-full\"><img loading=\"lazy\" decoding=\"async\" width=\"945\" height=\"651\" src=\"https:\/\/senat.cm\/wp-content\/uploads\/2024\/01\/reception-1.jpg\" alt=\"\" class=\"wp-image-2549\" srcset=\"https:\/\/senat.cm\/wp-content\/uploads\/2024\/01\/reception-1.jpg 945w, https:\/\/senat.cm\/wp-content\/uploads\/2024\/01\/reception-1-300x207.jpg 300w, https:\/\/senat.cm\/wp-content\/uploads\/2024\/01\/reception-1-768x529.jpg 768w\" sizes=\"auto, (max-width: 945px) 100vw, 945px\" \/><\/figure>\n\n\n\n<figure class=\"wp-block-image size-full\"><img loading=\"lazy\" decoding=\"async\" width=\"945\" height=\"641\" src=\"https:\/\/senat.cm\/wp-content\/uploads\/2024\/01\/reception2.jpg\" alt=\"\" class=\"wp-image-2550\" srcset=\"https:\/\/senat.cm\/wp-content\/uploads\/2024\/01\/reception2.jpg 945w, https:\/\/senat.cm\/wp-content\/uploads\/2024\/01\/reception2-300x203.jpg 300w, https:\/\/senat.cm\/wp-content\/uploads\/2024\/01\/reception2-768x521.jpg 768w\" sizes=\"auto, (max-width: 945px) 100vw, 945px\" \/><\/figure>\n","protected":false},"excerpt":{"rendered":"<p>Une communion parfaite entre les dames s\u00e9nateurs et madame Chantal Biya lors des v\u0153ux du Nouvel An. Le S\u00e9nat au f\u00e9minin \u00e9tait tr\u00e8s repr\u00e9sent\u00e9e samedi dernier 7 janvier 2024, au palais de l&#8217;unit\u00e9 pour la pr\u00e9sentation des v\u0153ux de nouvel an \u00e0 la premi\u00e8re dame de la R\u00e9publique madame Chantal Biya. La premi\u00e8re d\u00e9l\u00e9gation \u00e0 [&hellip;]<\/p>\n","protected":false},"author":2,"featured_media":2521,"comment_status":"open","ping_status":"open","sticky":false,"template":"","format":"standard","meta":{"_monsterinsights_skip_tracking":false,"_monsterinsights_sitenote_active":false,"_monsterinsights_sitenote_note":"","_monsterinsights_sitenote_category":0,"footnotes":""},"categories":[1],"tags":[300,214,302],"post_folder":[],"class_list":["post-2548","post","type-post","status-publish","format-standard","has-post-thumbnail","hentry","category-non-classe","tag-femmes-senateurs-cameroun","tag-senat-du-cameroun","tag-vice-president-du-senat"],"_links":{"self":[{"href":"https:\/\/senat.cm\/index.php?rest_route=\/wp\/v2\/posts\/2548","targetHints":{"allow":["GET"]}}],"collection":[{"href":"https:\/\/senat.cm\/index.php?rest_route=\/wp\/v2\/posts"}],"about":[{"href":"https:\/\/senat.cm\/index.php?rest_route=\/wp\/v2\/types\/post"}],"author":[{"embeddable":true,"href":"https:\/\/senat.cm\/index.php?rest_route=\/wp\/v2\/users\/2"}],"replies":[{"embeddable":true,"href":"https:\/\/senat.cm\/index.php?rest_route=%2Fwp%2Fv2%2Fcomments&post=2548"}],"version-history":[{"count":3,"href":"https:\/\/senat.cm\/index.php?rest_route=\/wp\/v2\/posts\/2548\/revisions"}],"predecessor-version":[{"id":2554,"href":"https:\/\/senat.cm\/index.php?rest_route=\/wp\/v2\/posts\/2548\/revisions\/2554"}],"wp:featuredmedia":[{"embeddable":true,"href":"https:\/\/senat.cm\/index.php?rest_route=\/wp\/v2\/media\/2521"}],"wp:attachment":[{"href":"https:\/\/senat.cm\/index.php?rest_route=%2Fwp%2Fv2%2Fmedia&parent=2548"}],"wp:term":[{"taxonomy":"category","embeddable":true,"href":"https:\/\/senat.cm\/index.php?rest_route=%2Fwp%2Fv2%2Fcategories&post=2548"},{"taxonomy":"post_tag","embeddable":true,"href":"https:\/\/senat.cm\/index.php?rest_route=%2Fwp%2Fv2%2Ftags&post=2548"},{"taxonomy":"post_folder","embeddable":true,"href":"https:\/\/senat.cm\/index.php?rest_route=%2Fwp%2Fv2%2Fpost_folder&post=2548"}],"curies":[{"name":"wp","href":"https:\/\/api.w.org\/{rel}","templated":true}]}}