{"id":2568,"date":"2024-01-24T14:01:02","date_gmt":"2024-01-24T13:01:02","guid":{"rendered":"https:\/\/senat.cm\/?p=2568"},"modified":"2024-01-24T14:05:11","modified_gmt":"2024-01-24T13:05:11","slug":"convocation-du-senat-en-session-ordinaire","status":"publish","type":"post","link":"https:\/\/senat.cm\/?p=2568","title":{"rendered":"Convocation du S\u00e9nat en Session Ordinaire"},"content":{"rendered":"\n<h2 class=\"wp-block-heading\">Le S\u00e9nat est convoqu\u00e9 en sa premi\u00e8re Session Ordinaire pour l&#8217;ann\u00e9e l\u00e9gislative 2024, le mardi 05 Mars 2024 \u00e0 16heures. <\/h2>\n\n\n\n<p><\/p>\n\n\n\n<figure class=\"wp-block-image size-large\"><img loading=\"lazy\" decoding=\"async\" width=\"644\" height=\"1024\" src=\"https:\/\/senat.cm\/wp-content\/uploads\/2024\/01\/arrete-1-644x1024.jpg\" alt=\"\" class=\"wp-image-2571\" srcset=\"https:\/\/senat.cm\/wp-content\/uploads\/2024\/01\/arrete-1-644x1024.jpg 644w, https:\/\/senat.cm\/wp-content\/uploads\/2024\/01\/arrete-1-189x300.jpg 189w, https:\/\/senat.cm\/wp-content\/uploads\/2024\/01\/arrete-1.jpg 679w\" sizes=\"auto, (max-width: 644px) 100vw, 644px\" \/><\/figure>\n\n\n\n<figure class=\"wp-block-image size-large\"><img loading=\"lazy\" decoding=\"async\" width=\"664\" height=\"1024\" src=\"https:\/\/senat.cm\/wp-content\/uploads\/2024\/01\/arrete-bureau-664x1024.jpg\" alt=\"\" class=\"wp-image-2572\" srcset=\"https:\/\/senat.cm\/wp-content\/uploads\/2024\/01\/arrete-bureau-664x1024.jpg 664w, https:\/\/senat.cm\/wp-content\/uploads\/2024\/01\/arrete-bureau-194x300.jpg 194w, https:\/\/senat.cm\/wp-content\/uploads\/2024\/01\/arrete-bureau.jpg 700w\" sizes=\"auto, (max-width: 664px) 100vw, 664px\" \/><\/figure>\n","protected":false},"excerpt":{"rendered":"<p>Le S\u00e9nat est convoqu\u00e9 en sa premi\u00e8re Session Ordinaire pour l&#8217;ann\u00e9e l\u00e9gislative 2024, le mardi 05 Mars 2024 \u00e0 16heures.<\/p>\n","protected":false},"author":2,"featured_media":2571,"comment_status":"open","ping_status":"open","sticky":false,"template":"","format":"standard","meta":{"_monsterinsights_skip_tracking":false,"_monsterinsights_sitenote_active":false,"_monsterinsights_sitenote_note":"","_monsterinsights_sitenote_category":0,"footnotes":""},"categories":[1],"tags":[304,214,210],"post_folder":[],"class_list":["post-2568","post","type-post","status-publish","format-standard","has-post-thumbnail","hentry","category-non-classe","tag-arrete-du-bureau-du-senat","tag-senat-du-cameroun","tag-session-ordinaire"],"_links":{"self":[{"href":"https:\/\/senat.cm\/index.php?rest_route=\/wp\/v2\/posts\/2568","targetHints":{"allow":["GET"]}}],"collection":[{"href":"https:\/\/senat.cm\/index.php?rest_route=\/wp\/v2\/posts"}],"about":[{"href":"https:\/\/senat.cm\/index.php?rest_route=\/wp\/v2\/types\/post"}],"author":[{"embeddable":true,"href":"https:\/\/senat.cm\/index.php?rest_route=\/wp\/v2\/users\/2"}],"replies":[{"embeddable":true,"href":"https:\/\/senat.cm\/index.php?rest_route=%2Fwp%2Fv2%2Fcomments&post=2568"}],"version-history":[{"count":1,"href":"https:\/\/senat.cm\/index.php?rest_route=\/wp\/v2\/posts\/2568\/revisions"}],"predecessor-version":[{"id":2573,"href":"https:\/\/senat.cm\/index.php?rest_route=\/wp\/v2\/posts\/2568\/revisions\/2573"}],"wp:featuredmedia":[{"embeddable":true,"href":"https:\/\/senat.cm\/index.php?rest_route=\/wp\/v2\/media\/2571"}],"wp:attachment":[{"href":"https:\/\/senat.cm\/index.php?rest_route=%2Fwp%2Fv2%2Fmedia&parent=2568"}],"wp:term":[{"taxonomy":"category","embeddable":true,"href":"https:\/\/senat.cm\/index.php?rest_route=%2Fwp%2Fv2%2Fcategories&post=2568"},{"taxonomy":"post_tag","embeddable":true,"href":"https:\/\/senat.cm\/index.php?rest_route=%2Fwp%2Fv2%2Ftags&post=2568"},{"taxonomy":"post_folder","embeddable":true,"href":"https:\/\/senat.cm\/index.php?rest_route=%2Fwp%2Fv2%2Fpost_folder&post=2568"}],"curies":[{"name":"wp","href":"https:\/\/api.w.org\/{rel}","templated":true}]}}