{"id":2614,"date":"2024-02-09T17:00:00","date_gmt":"2024-02-09T16:00:00","guid":{"rendered":"https:\/\/senat.cm\/?p=2614"},"modified":"2024-02-13T10:28:07","modified_gmt":"2024-02-13T09:28:07","slug":"parlement-de-la-jeunesse-un-congres-historique","status":"publish","type":"post","link":"https:\/\/senat.cm\/?p=2614","title":{"rendered":"Parlement de la jeunesse : un congr\u00e8s historique !"},"content":{"rendered":"\n<p><strong>D\u00e9put\u00e9s et S\u00e9nateurs jeunes ont si\u00e9g\u00e9 pour la toute premi\u00e8re fois ce vendredi 9 f\u00e9vrier 2023.<\/strong><\/p>\n\n\n\n<p>Jour 3 de la 7\u00e8me \u00e9dition du Parlement des jeunes sur le th\u00e8me &#8220;<strong>Jeunesse et participation au d\u00e9veloppement local pour la promotion de la paix et de la coh\u00e9sion locale&#8221;<\/strong> a \u00e9t\u00e9 marqu\u00e9 par une s\u00e9ance pl\u00e9ni\u00e8re au Palais de Congr\u00e8s de Yaound\u00e9, en pr\u00e9sence de l&#8217;Honorable Hilarion Etong, repr\u00e9sentant du pr\u00e9sident de l&#8217;Assembl\u00e9e Nationale, du s\u00e9nateur Vanigansen Mochiggle repr\u00e9sentant du pr\u00e9sident du S\u00e9nat, des membres du gouvernement, des d\u00e9l\u00e9gations parlementaires du Burkina Faso, du Tchad et du Gabon ainsi que des repr\u00e9sentants du Plan Cameroun, GIZ etc.<\/p>\n\n\n\n<figure class=\"wp-block-image size-full\"><img loading=\"lazy\" decoding=\"async\" width=\"945\" height=\"639\" src=\"https:\/\/senat.cm\/wp-content\/uploads\/2024\/02\/parlement-jeune-1.jpg\" alt=\"\" class=\"wp-image-2624\" srcset=\"https:\/\/senat.cm\/wp-content\/uploads\/2024\/02\/parlement-jeune-1.jpg 945w, https:\/\/senat.cm\/wp-content\/uploads\/2024\/02\/parlement-jeune-1-300x203.jpg 300w, https:\/\/senat.cm\/wp-content\/uploads\/2024\/02\/parlement-jeune-1-768x519.jpg 768w\" sizes=\"auto, (max-width: 945px) 100vw, 945px\" \/><\/figure>\n\n\n\n<p>Le congr\u00e8s a offert une tribune unique o\u00f9 les jeunes parlementaires ont pu exprimer leurs pr\u00e9occupations et leurs id\u00e9es novatrices. Les membres du gouvernement pr\u00e9sents ont \u00e9t\u00e9 appel\u00e9s \u00e0 r\u00e9pondre aux questions relatives \u00e0 l&#8217;acc\u00e8s \u00e0 l&#8217;\u00e9ducation et \u00e0 la formation professionnelle, l&#8217;emploi des jeunes, la participation des jeunes femmes dans la vie publique, la promotion de la diversit\u00e9 culturelle et la pr\u00e9vention des conflits. <\/p>\n\n\n\n<p>Par exemple, la s\u00e9natrice junior Ayamba Tabot de la division Manyu a interpell\u00e9 le ministre de des Enseignements secondaires sur la r\u00e9currence des violences  en milieu scolaire malgr\u00e9 son programme innovateur pour une \u00e9cole propre ? Dans sa r\u00e9ponse, le ministre Nalova a estim\u00e9 que la recrudescence de la violence dans les \u00e9coles d&#8217;aujourd&#8217;hui pouvait \u00eatre attribu\u00e9e au manque d&#8217;\u00e9ducation morale et \u00e0 une trop grande exposition des jeunes aux plateformes de m\u00e9dias sociaux. <\/p>\n\n\n\n<p>Les parlementaires jeunes ont soulign\u00e9 l&#8217;importance de cr\u00e9er des opportunit\u00e9s \u00e9quitables pour tous les jeunes, ind\u00e9pendamment de leur origine sociale, de leur r\u00e9gion ou de leur genre, afin de favoriser un d\u00e9veloppement inclusif et durable. La propagation de l&#8217;hymne de la jeunesse \u00e0 l&#8217;\u00e9chelle nationale, l&#8217;inclusion des jeunes dans l&#8217;\u00e9dification de la nation et la mobilisation de fonds pour cr\u00e9er des opportunit\u00e9s d&#8217;emploi ind\u00e9pendant sont quelques-unes des importantes r\u00e9solutions adopt\u00e9es. <\/p>\n\n\n\n<figure class=\"wp-block-image size-full\"><img loading=\"lazy\" decoding=\"async\" width=\"945\" height=\"645\" src=\"https:\/\/senat.cm\/wp-content\/uploads\/2024\/02\/jeunes.jpg\" alt=\"\" class=\"wp-image-2618\" srcset=\"https:\/\/senat.cm\/wp-content\/uploads\/2024\/02\/jeunes.jpg 945w, https:\/\/senat.cm\/wp-content\/uploads\/2024\/02\/jeunes-300x205.jpg 300w, https:\/\/senat.cm\/wp-content\/uploads\/2024\/02\/jeunes-768x524.jpg 768w\" sizes=\"auto, (max-width: 945px) 100vw, 945px\" \/><\/figure>\n\n\n\n<p>Dans ses remarques de cl\u00f4ture, le repr\u00e9sentant du Pr\u00e9sident de l&#8217;Assembl\u00e9e Nationale, Hilarion Etong, a exhort\u00e9 les jeunes parlementaires \u00e0 soutenir avec t\u00e9nacit\u00e9 les id\u00e9aux du Pr\u00e9sident de la R\u00e9publique et \u00e0 \u00eatre les ap\u00f4tres de la paix, de l&#8217;unit\u00e9 et de la coh\u00e9sion sociale au sein de leurs r\u00e9gions respectives.<\/p>\n\n\n\n<p>La journ\u00e9e s&#8217;est termin\u00e9e par une photo de famille des 280 jeunes parlementaires flanqu\u00e9s par de hauts fonctionnaires de l&#8217;\u00c9tat et des dignitaires ext\u00e9rieurs.<\/p>\n\n\n\n<figure class=\"wp-block-image size-full\"><img loading=\"lazy\" decoding=\"async\" width=\"945\" height=\"639\" src=\"https:\/\/senat.cm\/wp-content\/uploads\/2024\/02\/hilarion.jpg\" alt=\"\" class=\"wp-image-2616\" srcset=\"https:\/\/senat.cm\/wp-content\/uploads\/2024\/02\/hilarion.jpg 945w, https:\/\/senat.cm\/wp-content\/uploads\/2024\/02\/hilarion-300x203.jpg 300w, https:\/\/senat.cm\/wp-content\/uploads\/2024\/02\/hilarion-768x519.jpg 768w\" sizes=\"auto, (max-width: 945px) 100vw, 945px\" \/><\/figure>\n\n\n\n<figure class=\"wp-block-image size-full\"><img loading=\"lazy\" decoding=\"async\" width=\"945\" height=\"672\" src=\"https:\/\/senat.cm\/wp-content\/uploads\/2024\/02\/jeune-sen.jpg\" alt=\"\" class=\"wp-image-2617\" srcset=\"https:\/\/senat.cm\/wp-content\/uploads\/2024\/02\/jeune-sen.jpg 945w, https:\/\/senat.cm\/wp-content\/uploads\/2024\/02\/jeune-sen-300x213.jpg 300w, https:\/\/senat.cm\/wp-content\/uploads\/2024\/02\/jeune-sen-768x546.jpg 768w, https:\/\/senat.cm\/wp-content\/uploads\/2024\/02\/jeune-sen-450x320.jpg 450w, https:\/\/senat.cm\/wp-content\/uploads\/2024\/02\/jeune-sen-370x264.jpg 370w\" sizes=\"auto, (max-width: 945px) 100vw, 945px\" \/><\/figure>\n\n\n\n<figure class=\"wp-block-image size-full\"><img loading=\"lazy\" decoding=\"async\" width=\"945\" height=\"660\" src=\"https:\/\/senat.cm\/wp-content\/uploads\/2024\/02\/sem-sen.jpg\" alt=\"\" class=\"wp-image-2619\" srcset=\"https:\/\/senat.cm\/wp-content\/uploads\/2024\/02\/sem-sen.jpg 945w, https:\/\/senat.cm\/wp-content\/uploads\/2024\/02\/sem-sen-300x210.jpg 300w, https:\/\/senat.cm\/wp-content\/uploads\/2024\/02\/sem-sen-768x536.jpg 768w\" sizes=\"auto, (max-width: 945px) 100vw, 945px\" \/><\/figure>\n\n\n\n<figure class=\"wp-block-image size-full\"><img loading=\"lazy\" decoding=\"async\" width=\"936\" height=\"643\" src=\"https:\/\/senat.cm\/wp-content\/uploads\/2024\/02\/nolava.jpg\" alt=\"\" class=\"wp-image-2625\" srcset=\"https:\/\/senat.cm\/wp-content\/uploads\/2024\/02\/nolava.jpg 936w, https:\/\/senat.cm\/wp-content\/uploads\/2024\/02\/nolava-300x206.jpg 300w, https:\/\/senat.cm\/wp-content\/uploads\/2024\/02\/nolava-768x528.jpg 768w\" sizes=\"auto, (max-width: 936px) 100vw, 936px\" \/><\/figure>\n","protected":false},"excerpt":{"rendered":"<p>D\u00e9put\u00e9s et S\u00e9nateurs jeunes ont si\u00e9g\u00e9 pour la toute premi\u00e8re fois ce vendredi 9 f\u00e9vrier 2023. Jour 3 de la 7\u00e8me \u00e9dition du Parlement des jeunes sur le th\u00e8me &#8220;Jeunesse et participation au d\u00e9veloppement local pour la promotion de la paix et de la coh\u00e9sion locale&#8221; a \u00e9t\u00e9 marqu\u00e9 par une s\u00e9ance pl\u00e9ni\u00e8re au Palais [&hellip;]<\/p>\n","protected":false},"author":2,"featured_media":2615,"comment_status":"open","ping_status":"open","sticky":false,"template":"","format":"standard","meta":{"_monsterinsights_skip_tracking":false,"_monsterinsights_sitenote_active":false,"_monsterinsights_sitenote_note":"","_monsterinsights_sitenote_category":0,"footnotes":""},"categories":[1],"tags":[354,356,358,214],"post_folder":[],"class_list":["post-2614","post","type-post","status-publish","format-standard","has-post-thumbnail","hentry","category-non-classe","tag-congres","tag-parlement-jeune","tag-questions-orales","tag-senat-du-cameroun"],"_links":{"self":[{"href":"https:\/\/senat.cm\/index.php?rest_route=\/wp\/v2\/posts\/2614","targetHints":{"allow":["GET"]}}],"collection":[{"href":"https:\/\/senat.cm\/index.php?rest_route=\/wp\/v2\/posts"}],"about":[{"href":"https:\/\/senat.cm\/index.php?rest_route=\/wp\/v2\/types\/post"}],"author":[{"embeddable":true,"href":"https:\/\/senat.cm\/index.php?rest_route=\/wp\/v2\/users\/2"}],"replies":[{"embeddable":true,"href":"https:\/\/senat.cm\/index.php?rest_route=%2Fwp%2Fv2%2Fcomments&post=2614"}],"version-history":[{"count":4,"href":"https:\/\/senat.cm\/index.php?rest_route=\/wp\/v2\/posts\/2614\/revisions"}],"predecessor-version":[{"id":2626,"href":"https:\/\/senat.cm\/index.php?rest_route=\/wp\/v2\/posts\/2614\/revisions\/2626"}],"wp:featuredmedia":[{"embeddable":true,"href":"https:\/\/senat.cm\/index.php?rest_route=\/wp\/v2\/media\/2615"}],"wp:attachment":[{"href":"https:\/\/senat.cm\/index.php?rest_route=%2Fwp%2Fv2%2Fmedia&parent=2614"}],"wp:term":[{"taxonomy":"category","embeddable":true,"href":"https:\/\/senat.cm\/index.php?rest_route=%2Fwp%2Fv2%2Fcategories&post=2614"},{"taxonomy":"post_tag","embeddable":true,"href":"https:\/\/senat.cm\/index.php?rest_route=%2Fwp%2Fv2%2Ftags&post=2614"},{"taxonomy":"post_folder","embeddable":true,"href":"https:\/\/senat.cm\/index.php?rest_route=%2Fwp%2Fv2%2Fpost_folder&post=2614"}],"curies":[{"name":"wp","href":"https:\/\/api.w.org\/{rel}","templated":true}]}}