{"id":2628,"date":"2024-02-11T09:00:00","date_gmt":"2024-02-11T08:00:00","guid":{"rendered":"https:\/\/senat.cm\/?p=2628"},"modified":"2024-02-13T13:16:11","modified_gmt":"2024-02-13T12:16:11","slug":"58eme-fete-de-la-jeunesse","status":"publish","type":"post","link":"https:\/\/senat.cm\/?p=2628","title":{"rendered":"58eme F\u00eate de la Jeunesse"},"content":{"rendered":"\n<p>Les plus jeunes S\u00e9nateurs de la 3eme l\u00e9gislature vous souhaitent une bonne f\u00eate de la jeunesse.<\/p>\n\n\n\n<p>Le saviez-vous , 13 S\u00e9nateurs sur les 100, si\u00e9geant \u00e0 la Chambre Haute sont de fringants quarantenaires!? La loi de Juillet 2006 pr\u00e9voit en son Art.9 al.1 que pour candidater ou \u00eatre nomm\u00e9 S\u00e9nateur, il faut avoir 40 ans r\u00e9volus. Dynamique, p\u00e9tillante et r\u00e9ceptive, cette jeunesse, imprime sa marque sur le terrain comme au sein de l&#8217;h\u00e9micycle, faisant de la Chambre Haute le lieu de l&#8217;alliage parfait de la&nbsp;<a href=\"https:\/\/web.facebook.com\/hashtag\/jeunesse?__eep__=6&amp;__cft__[0]=AZWk94IkK9rf3PSDeyi2hLQjepPDkZ9SbZbuQFE445dVlLiXXaqcwFzjOx7ob_svxLiON-5hsR-B14PHyJmBd-jHd_QGjxpWr3TlqyVaF4apRRL3V3f6OqbnWyJukFUXYNrQhAHkDeAPac_Zq2SFirLosVETbO1vlgawrweeDC0v2KAWXaU-ic2U2Y4vn2qDG7A&amp;__tn__=*NK*F\">#Jeunesse<\/a>&nbsp;et de la&nbsp;<a href=\"https:\/\/web.facebook.com\/hashtag\/sagesse?__eep__=6&amp;__cft__[0]=AZWk94IkK9rf3PSDeyi2hLQjepPDkZ9SbZbuQFE445dVlLiXXaqcwFzjOx7ob_svxLiON-5hsR-B14PHyJmBd-jHd_QGjxpWr3TlqyVaF4apRRL3V3f6OqbnWyJukFUXYNrQhAHkDeAPac_Zq2SFirLosVETbO1vlgawrweeDC0v2KAWXaU-ic2U2Y4vn2qDG7A&amp;__tn__=*NK*F\">#Sagesse<\/a>.&nbsp;<\/p>\n\n\n\n<p>Voir moins<\/p>\n","protected":false},"excerpt":{"rendered":"<p>Les plus jeunes S\u00e9nateurs de la 3eme l\u00e9gislature vous souhaitent une bonne f\u00eate de la jeunesse. Le saviez-vous , 13 S\u00e9nateurs sur les 100, si\u00e9geant \u00e0 la Chambre Haute sont de fringants quarantenaires!? La loi de Juillet 2006 pr\u00e9voit en son Art.9 al.1 que pour candidater ou \u00eatre nomm\u00e9 S\u00e9nateur, il faut avoir 40 ans [&hellip;]<\/p>\n","protected":false},"author":2,"featured_media":2629,"comment_status":"open","ping_status":"open","sticky":false,"template":"","format":"standard","meta":{"_monsterinsights_skip_tracking":false,"_monsterinsights_sitenote_active":false,"_monsterinsights_sitenote_note":"","_monsterinsights_sitenote_category":0,"footnotes":""},"categories":[1],"tags":[360,362],"post_folder":[],"class_list":["post-2628","post","type-post","status-publish","format-standard","has-post-thumbnail","hentry","category-non-classe","tag-3eme-legislature-senat","tag-bureau-dage-du-senat"],"_links":{"self":[{"href":"https:\/\/senat.cm\/index.php?rest_route=\/wp\/v2\/posts\/2628","targetHints":{"allow":["GET"]}}],"collection":[{"href":"https:\/\/senat.cm\/index.php?rest_route=\/wp\/v2\/posts"}],"about":[{"href":"https:\/\/senat.cm\/index.php?rest_route=\/wp\/v2\/types\/post"}],"author":[{"embeddable":true,"href":"https:\/\/senat.cm\/index.php?rest_route=\/wp\/v2\/users\/2"}],"replies":[{"embeddable":true,"href":"https:\/\/senat.cm\/index.php?rest_route=%2Fwp%2Fv2%2Fcomments&post=2628"}],"version-history":[{"count":1,"href":"https:\/\/senat.cm\/index.php?rest_route=\/wp\/v2\/posts\/2628\/revisions"}],"predecessor-version":[{"id":2630,"href":"https:\/\/senat.cm\/index.php?rest_route=\/wp\/v2\/posts\/2628\/revisions\/2630"}],"wp:featuredmedia":[{"embeddable":true,"href":"https:\/\/senat.cm\/index.php?rest_route=\/wp\/v2\/media\/2629"}],"wp:attachment":[{"href":"https:\/\/senat.cm\/index.php?rest_route=%2Fwp%2Fv2%2Fmedia&parent=2628"}],"wp:term":[{"taxonomy":"category","embeddable":true,"href":"https:\/\/senat.cm\/index.php?rest_route=%2Fwp%2Fv2%2Fcategories&post=2628"},{"taxonomy":"post_tag","embeddable":true,"href":"https:\/\/senat.cm\/index.php?rest_route=%2Fwp%2Fv2%2Ftags&post=2628"},{"taxonomy":"post_folder","embeddable":true,"href":"https:\/\/senat.cm\/index.php?rest_route=%2Fwp%2Fv2%2Fpost_folder&post=2628"}],"curies":[{"name":"wp","href":"https:\/\/api.w.org\/{rel}","templated":true}]}}