{"id":2640,"date":"2024-02-16T18:41:43","date_gmt":"2024-02-16T17:41:43","guid":{"rendered":"https:\/\/senat.cm\/?p=2640"},"modified":"2024-02-16T18:41:45","modified_gmt":"2024-02-16T17:41:45","slug":"cooperation-sud-sud-le-senat-du-cameroun-present-a-la-conference-parlementaire-du-maroc","status":"publish","type":"post","link":"https:\/\/senat.cm\/?p=2640","title":{"rendered":"Coop\u00e9ration Sud-Sud: Le S\u00e9nat du Cameroun pr\u00e9sent \u00e0 la Conf\u00e9rence Parlementaire du Maroc"},"content":{"rendered":"\n<p>La rencontre qui se tient \u00e0 Rabat du 15 au 16 F\u00e9vrier 2024, r\u00e9unit les leaders parlementaires d&#8217;Afrique, du monde arabe et de l&#8217;Am\u00e9rique latine.<\/p>\n\n\n\n<p class=\"has-text-align-left\">La Conf\u00e9rence plac\u00e9e sous le haut patronage de Sa Majest\u00e9 le Roi Mohammed VI, a d\u00e9but\u00e9 \u00e0 Rabat au Maroc le jeudi 15 2024, sous le th\u00e8me \u00ab R\u00f4le des parlements nationaux et des unions parlementaires r\u00e9gionales et continentales en Afrique et dans le monde arabe et en Am\u00e9rique latine dans le renforcement du partenariat strat\u00e9gique et la r\u00e9alisation de Int\u00e9gration et <a><\/a>d\u00e9veloppement conjoints&#8221;<\/p>\n\n\n\n<p class=\"has-text-align-left\">Il se tient \u00e0 l&#8217;initiative de la Chambre des conseils en collaboration avec l&#8217;Association des S\u00e9nats, Shoora et les Conseils \u00e9quivalents en Afrique et dans le monde arabe (ASSECAA).<\/p>\n\n\n\n<p class=\"has-text-align-left\">Lors de la conf\u00e9rence en cours, les participants aborderont les questions strat\u00e9giques actuelles qui d\u00e9pendent du d\u00e9veloppement, de la transition \u00e9conomique, du commerce, de l&#8217;investissement, de la technologie, des innovations, de l&#8217;\u00e9nergie, de la sant\u00e9, de la s\u00e9curit\u00e9, de la s\u00e9curit\u00e9 alimentaire et de<\/p>\n\n\n\n<p class=\"has-text-align-left\">Le S\u00e9nat camerounais est hautement repr\u00e9sent\u00e9 \u00e0 la conf\u00e9rence par le vice-pr\u00e9sident senior du S\u00e9nat H. M Aboubakary Abdoulaye et le s\u00e9nateur Tabi Pierre.<\/p>\n\n\n\n<figure class=\"wp-block-image size-full\"><img loading=\"lazy\" decoding=\"async\" width=\"933\" height=\"704\" src=\"https:\/\/senat.cm\/wp-content\/uploads\/2024\/02\/maroc-2-1.jpg\" alt=\"\" class=\"wp-image-2635\" srcset=\"https:\/\/senat.cm\/wp-content\/uploads\/2024\/02\/maroc-2-1.jpg 933w, https:\/\/senat.cm\/wp-content\/uploads\/2024\/02\/maroc-2-1-300x226.jpg 300w, https:\/\/senat.cm\/wp-content\/uploads\/2024\/02\/maroc-2-1-768x579.jpg 768w\" sizes=\"auto, (max-width: 933px) 100vw, 933px\" \/><\/figure>\n\n\n\n<figure class=\"wp-block-image size-large\"><img loading=\"lazy\" decoding=\"async\" width=\"809\" height=\"1024\" src=\"https:\/\/senat.cm\/wp-content\/uploads\/2024\/02\/assecaa-809x1024.jpg\" alt=\"\" class=\"wp-image-2636\" srcset=\"https:\/\/senat.cm\/wp-content\/uploads\/2024\/02\/assecaa-809x1024.jpg 809w, https:\/\/senat.cm\/wp-content\/uploads\/2024\/02\/assecaa-237x300.jpg 237w, https:\/\/senat.cm\/wp-content\/uploads\/2024\/02\/assecaa-768x972.jpg 768w, https:\/\/senat.cm\/wp-content\/uploads\/2024\/02\/assecaa.jpg 945w\" sizes=\"auto, (max-width: 809px) 100vw, 809px\" \/><\/figure>\n","protected":false},"excerpt":{"rendered":"<p>La rencontre qui se tient \u00e0 Rabat du 15 au 16 F\u00e9vrier 2024, r\u00e9unit les leaders parlementaires d&#8217;Afrique, du monde arabe et de l&#8217;Am\u00e9rique latine. La Conf\u00e9rence plac\u00e9e sous le haut patronage de Sa Majest\u00e9 le Roi Mohammed VI, a d\u00e9but\u00e9 \u00e0 Rabat au Maroc le jeudi 15 2024, sous le th\u00e8me \u00ab R\u00f4le des [&hellip;]<\/p>\n","protected":false},"author":2,"featured_media":2632,"comment_status":"open","ping_status":"open","sticky":false,"template":"","format":"standard","meta":{"_monsterinsights_skip_tracking":false,"_monsterinsights_sitenote_active":false,"_monsterinsights_sitenote_note":"","_monsterinsights_sitenote_category":0,"footnotes":""},"categories":[1],"tags":[364,214],"post_folder":[],"class_list":["post-2640","post","type-post","status-publish","format-standard","has-post-thumbnail","hentry","category-non-classe","tag-cooperation-parlementaire","tag-senat-du-cameroun"],"_links":{"self":[{"href":"https:\/\/senat.cm\/index.php?rest_route=\/wp\/v2\/posts\/2640","targetHints":{"allow":["GET"]}}],"collection":[{"href":"https:\/\/senat.cm\/index.php?rest_route=\/wp\/v2\/posts"}],"about":[{"href":"https:\/\/senat.cm\/index.php?rest_route=\/wp\/v2\/types\/post"}],"author":[{"embeddable":true,"href":"https:\/\/senat.cm\/index.php?rest_route=\/wp\/v2\/users\/2"}],"replies":[{"embeddable":true,"href":"https:\/\/senat.cm\/index.php?rest_route=%2Fwp%2Fv2%2Fcomments&post=2640"}],"version-history":[{"count":1,"href":"https:\/\/senat.cm\/index.php?rest_route=\/wp\/v2\/posts\/2640\/revisions"}],"predecessor-version":[{"id":2641,"href":"https:\/\/senat.cm\/index.php?rest_route=\/wp\/v2\/posts\/2640\/revisions\/2641"}],"wp:featuredmedia":[{"embeddable":true,"href":"https:\/\/senat.cm\/index.php?rest_route=\/wp\/v2\/media\/2632"}],"wp:attachment":[{"href":"https:\/\/senat.cm\/index.php?rest_route=%2Fwp%2Fv2%2Fmedia&parent=2640"}],"wp:term":[{"taxonomy":"category","embeddable":true,"href":"https:\/\/senat.cm\/index.php?rest_route=%2Fwp%2Fv2%2Fcategories&post=2640"},{"taxonomy":"post_tag","embeddable":true,"href":"https:\/\/senat.cm\/index.php?rest_route=%2Fwp%2Fv2%2Ftags&post=2640"},{"taxonomy":"post_folder","embeddable":true,"href":"https:\/\/senat.cm\/index.php?rest_route=%2Fwp%2Fv2%2Fpost_folder&post=2640"}],"curies":[{"name":"wp","href":"https:\/\/api.w.org\/{rel}","templated":true}]}}