{"id":2643,"date":"2024-02-22T15:00:00","date_gmt":"2024-02-22T14:00:00","guid":{"rendered":"https:\/\/senat.cm\/?p=2643"},"modified":"2024-02-26T11:06:46","modified_gmt":"2024-02-26T10:06:46","slug":"cameroun-france","status":"publish","type":"post","link":"https:\/\/senat.cm\/?p=2643","title":{"rendered":"Cameroun- France"},"content":{"rendered":"\n<h2 class=\"wp-block-heading\">De nouvelles pistes de coop\u00e9ration examin\u00e9es.<\/h2>\n\n\n\n<p>La S\u00e9natrice Mathilde Ollivier \u00e9tait re\u00e7ue en audience ce jeudi par le Vice-pr\u00e9sident du <a href=\"https:\/\/web.facebook.com\/hashtag\/se%CC%81nat?__eep__=6&amp;__cft__[0]=AZVDmEmV_vD3m7H3rBBCO8mj1BylAlSb9BG6rCYyqumecZ4XBYttjFzTYf60ZGX_qm7VbOcPpcK8mT0qjBzjzQCv--nlhnrL1grHEPBIu8Fsd7iJRe_EBAlzh1_0p5LFEz1jk5NAeUY1BPPn4UmrKqKIaBUyDo-RTUqmuYG7wka02gPKsue46IsufJeko9meBzg&amp;__tn__=*NK-R\">#s\u00e9nat<\/a> Robert NKILI.<\/p>\n\n\n\n<p><a><\/a>La repr\u00e9sentante des fran\u00e7ais \u00e9tablis hors de la France au S\u00e9nat Fran\u00e7ais, Mathilde Ollivier, en visite au Cameroun, \u00e9tait l&#8217;h\u00f4te du S\u00e9nat ce jeudi 22 f\u00e9vrier 2024.<\/p>\n\n\n\n<p>Au menu des \u00e9changes avec le Vice Pr\u00e9sident Robert NKILI, la repr\u00e9sentation s\u00e9natoriale respective du Cameroun et de la France; la situation des fran\u00e7ais qui vivent \u00e0 l\u2019\u00e9tranger, objet de sa visite.<\/p>\n\n\n\n<p>Des pistes de collaboration entre les deux Chambres ont \u00e9galement \u00e9t\u00e9 \u00e9voqu\u00e9s, notamment sur le travail commun qui peut \u00eatre effectu\u00e9 pour l\u2019accompagnement des Collectivit\u00e9s territoriales d\u00e9centralis\u00e9es qu\u2019elles repr\u00e9sentent, ainsi que partage de bonnes pratiques entre les deux chambres.<\/p>\n\n\n\n<figure class=\"wp-block-image size-full\"><img loading=\"lazy\" decoding=\"async\" width=\"945\" height=\"627\" src=\"https:\/\/senat.cm\/wp-content\/uploads\/2024\/02\/audience-1.jpg\" alt=\"\" class=\"wp-image-2645\" srcset=\"https:\/\/senat.cm\/wp-content\/uploads\/2024\/02\/audience-1.jpg 945w, https:\/\/senat.cm\/wp-content\/uploads\/2024\/02\/audience-1-300x199.jpg 300w, https:\/\/senat.cm\/wp-content\/uploads\/2024\/02\/audience-1-768x510.jpg 768w\" sizes=\"auto, (max-width: 945px) 100vw, 945px\" \/><\/figure>\n\n\n\n<figure class=\"wp-block-image size-full\"><img loading=\"lazy\" decoding=\"async\" width=\"940\" height=\"641\" src=\"https:\/\/senat.cm\/wp-content\/uploads\/2024\/02\/mathilde.jpg\" alt=\"\" class=\"wp-image-2646\" srcset=\"https:\/\/senat.cm\/wp-content\/uploads\/2024\/02\/mathilde.jpg 940w, https:\/\/senat.cm\/wp-content\/uploads\/2024\/02\/mathilde-300x205.jpg 300w, https:\/\/senat.cm\/wp-content\/uploads\/2024\/02\/mathilde-768x524.jpg 768w\" sizes=\"auto, (max-width: 940px) 100vw, 940px\" \/><\/figure>\n","protected":false},"excerpt":{"rendered":"<p>De nouvelles pistes de coop\u00e9ration examin\u00e9es. La S\u00e9natrice Mathilde Ollivier \u00e9tait re\u00e7ue en audience ce jeudi par le Vice-pr\u00e9sident du #s\u00e9nat Robert NKILI. La repr\u00e9sentante des fran\u00e7ais \u00e9tablis hors de la France au S\u00e9nat Fran\u00e7ais, Mathilde Ollivier, en visite au Cameroun, \u00e9tait l&#8217;h\u00f4te du S\u00e9nat ce jeudi 22 f\u00e9vrier 2024. Au menu des \u00e9changes avec [&hellip;]<\/p>\n","protected":false},"author":2,"featured_media":2644,"comment_status":"open","ping_status":"open","sticky":false,"template":"","format":"standard","meta":{"_monsterinsights_skip_tracking":false,"_monsterinsights_sitenote_active":false,"_monsterinsights_sitenote_note":"","_monsterinsights_sitenote_category":0,"footnotes":""},"categories":[1],"tags":[366,368,214,370],"post_folder":[],"class_list":["post-2643","post","type-post","status-publish","format-standard","has-post-thumbnail","hentry","category-non-classe","tag-diplomatie-parlementaire","tag-se","tag-senat-du-cameroun","tag-senateurs"],"_links":{"self":[{"href":"https:\/\/senat.cm\/index.php?rest_route=\/wp\/v2\/posts\/2643","targetHints":{"allow":["GET"]}}],"collection":[{"href":"https:\/\/senat.cm\/index.php?rest_route=\/wp\/v2\/posts"}],"about":[{"href":"https:\/\/senat.cm\/index.php?rest_route=\/wp\/v2\/types\/post"}],"author":[{"embeddable":true,"href":"https:\/\/senat.cm\/index.php?rest_route=\/wp\/v2\/users\/2"}],"replies":[{"embeddable":true,"href":"https:\/\/senat.cm\/index.php?rest_route=%2Fwp%2Fv2%2Fcomments&post=2643"}],"version-history":[{"count":1,"href":"https:\/\/senat.cm\/index.php?rest_route=\/wp\/v2\/posts\/2643\/revisions"}],"predecessor-version":[{"id":2647,"href":"https:\/\/senat.cm\/index.php?rest_route=\/wp\/v2\/posts\/2643\/revisions\/2647"}],"wp:featuredmedia":[{"embeddable":true,"href":"https:\/\/senat.cm\/index.php?rest_route=\/wp\/v2\/media\/2644"}],"wp:attachment":[{"href":"https:\/\/senat.cm\/index.php?rest_route=%2Fwp%2Fv2%2Fmedia&parent=2643"}],"wp:term":[{"taxonomy":"category","embeddable":true,"href":"https:\/\/senat.cm\/index.php?rest_route=%2Fwp%2Fv2%2Fcategories&post=2643"},{"taxonomy":"post_tag","embeddable":true,"href":"https:\/\/senat.cm\/index.php?rest_route=%2Fwp%2Fv2%2Ftags&post=2643"},{"taxonomy":"post_folder","embeddable":true,"href":"https:\/\/senat.cm\/index.php?rest_route=%2Fwp%2Fv2%2Fpost_folder&post=2643"}],"curies":[{"name":"wp","href":"https:\/\/api.w.org\/{rel}","templated":true}]}}