{"id":2648,"date":"2024-02-21T14:45:00","date_gmt":"2024-02-21T13:45:00","guid":{"rendered":"https:\/\/senat.cm\/?p=2648"},"modified":"2024-02-26T11:20:36","modified_gmt":"2024-02-26T10:20:36","slug":"assemblee-parlementaire-oeacp-ue","status":"publish","type":"post","link":"https:\/\/senat.cm\/?p=2648","title":{"rendered":"Assembl\u00e9e parlementaire OEACP-UE"},"content":{"rendered":"\n<h2 class=\"wp-block-heading\">Le Cameroun d\u00e9sormais pr\u00e9sident du groupe r\u00e9gional Afrique Centrale<\/h2>\n\n\n\n<p>C\u2019est ce qui ressort de la premi\u00e8re r\u00e9union ordinaire de l\u2019Assembl\u00e9e parlementaire et paritaire des \u00c9tats d\u2019Afrique, des Cara\u00efbes et du Pacifique (OEACP) et l\u2019Union Europ\u00e9enne dans le cadre du nouvel accord de Samoa, tenue \u00e0 Luanda en Angola du 17 au 21 F\u00e9vrier 2024.<\/p>\n\n\n\n<p>Le Cameroun a remport\u00e9 \u00e0 l\u2019unanimit\u00e9 le tant convoit\u00e9 poste de Pr\u00e9sident du groupe r\u00e9gional Afrique Centrale et <a><\/a>si\u00e8ge comme membre du bureau des parlements r\u00e9gionaux et de l\u2019Assembl\u00e9e parlementaire mixte OEACP-UE; face \u00e0 la R\u00e9publique D\u00e9mocratique du Congo. Ceci, du fait de sa participation \u00e0 toutes les r\u00e9unions, et gr\u00e2ce \u00e0 l\u2019impulsion des Pr\u00e9sidents des deux Chambres, les Tr\u00e8s Honorables Niat Njifenji Marcel et Cavaye Yeguie Djibril.<\/p>\n\n\n\n<p>A l\u2019ordre du jour, des d\u00e9bats dont les th\u00e8mes sont li\u00e9s \u00e0 la nouvelle dynamique du partenariat entre l\u2019OEACP et l\u2019UE.<\/p>\n\n\n\n<p>Il faut rappeler que l\u2019Accord de Samoa est un nouveau cadre g\u00e9n\u00e9ral pour les relations entre l\u2019Union Europ\u00e9enne et les pays d\u2019Afrique, des Cara\u00efbes et du Pacifique. Il couvre ainsi six domaines prioritaires que sont la d\u00e9mocratie et les droits de l\u2019homme; le d\u00e9veloppement et la croissance \u00e9conomique durable; le changement climatique; le d\u00e9veloppement humain et social; la paix, la s\u00e9curit\u00e9 et les migrations et mobilit\u00e9.<\/p>\n\n\n\n<figure class=\"wp-block-image size-large\"><img loading=\"lazy\" decoding=\"async\" width=\"785\" height=\"1024\" src=\"https:\/\/senat.cm\/wp-content\/uploads\/2024\/02\/luanda-785x1024.jpg\" alt=\"\" class=\"wp-image-2650\" srcset=\"https:\/\/senat.cm\/wp-content\/uploads\/2024\/02\/luanda-785x1024.jpg 785w, https:\/\/senat.cm\/wp-content\/uploads\/2024\/02\/luanda-230x300.jpg 230w, https:\/\/senat.cm\/wp-content\/uploads\/2024\/02\/luanda-768x1002.jpg 768w, https:\/\/senat.cm\/wp-content\/uploads\/2024\/02\/luanda.jpg 945w\" sizes=\"auto, (max-width: 785px) 100vw, 785px\" \/><\/figure>\n\n\n\n<p>Les bureaux quant \u00e0 eux sont des organes ex\u00e9cutifs de l\u2019Assembl\u00e9e Parlementaire paritaire qui, entre deux assembl\u00e9es, prennent des d\u00e9cisions et ex\u00e9cutent les t\u00e2ches recommand\u00e9es \u00e0 la derni\u00e8re pl\u00e9ni\u00e8re.<\/p>\n\n\n\n<p>Le <a href=\"https:\/\/web.facebook.com\/hashtag\/s%C3%A9nat?__eep__=6&amp;__cft__[0]=AZWMkZy8YrTfBT0r1bM1YL7s5vuJ5z2nDkMVVi-jYpRch8tPprnOm0TgBsAm7-RkyEQzmvs5jtHGtQGK-NIkoj8frauxvircY5vAFU_RjTZ_tTzQhQp8PpraCHwMa6fhsNkyB4stDzRmM-u4FU-wGABFMkkXjU5D4O5BOAo41Lrmp0WMMkFrTSHGE2_kDfqVNwE&amp;__tn__=*NK-R\">S\u00e9nat<\/a> \u00e9tait repr\u00e9sent\u00e9 \u00e0 cette r\u00e9union par les s\u00e9nateurs Vanigansen MOCHIGGLE ( vice-pr\u00e9sident), ELOUMBA MEDJO Th\u00e9r\u00e8se et MENYE ONDO Pierre.<\/p>\n\n\n\n<figure class=\"wp-block-image size-full\"><img loading=\"lazy\" decoding=\"async\" width=\"945\" height=\"697\" src=\"https:\/\/senat.cm\/wp-content\/uploads\/2024\/02\/luanda-2.jpg\" alt=\"\" class=\"wp-image-2651\" srcset=\"https:\/\/senat.cm\/wp-content\/uploads\/2024\/02\/luanda-2.jpg 945w, https:\/\/senat.cm\/wp-content\/uploads\/2024\/02\/luanda-2-300x221.jpg 300w, https:\/\/senat.cm\/wp-content\/uploads\/2024\/02\/luanda-2-768x566.jpg 768w\" sizes=\"auto, (max-width: 945px) 100vw, 945px\" \/><\/figure>\n","protected":false},"excerpt":{"rendered":"<p>Le Cameroun d\u00e9sormais pr\u00e9sident du groupe r\u00e9gional Afrique Centrale C\u2019est ce qui ressort de la premi\u00e8re r\u00e9union ordinaire de l\u2019Assembl\u00e9e parlementaire et paritaire des \u00c9tats d\u2019Afrique, des Cara\u00efbes et du Pacifique (OEACP) et l\u2019Union Europ\u00e9enne dans le cadre du nouvel accord de Samoa, tenue \u00e0 Luanda en Angola du 17 au 21 F\u00e9vrier 2024. Le [&hellip;]<\/p>\n","protected":false},"author":2,"featured_media":2649,"comment_status":"open","ping_status":"open","sticky":false,"template":"","format":"standard","meta":{"_monsterinsights_skip_tracking":false,"_monsterinsights_sitenote_active":false,"_monsterinsights_sitenote_note":"","_monsterinsights_sitenote_category":0,"footnotes":""},"categories":[1],"tags":[376,374,298,372],"post_folder":[],"class_list":["post-2648","post","type-post","status-publish","format-standard","has-post-thumbnail","hentry","category-non-classe","tag-accord-samoa","tag-assemblee-parlementaire","tag-bureau-du-senat-du-cameroun","tag-oeacp-ue"],"_links":{"self":[{"href":"https:\/\/senat.cm\/index.php?rest_route=\/wp\/v2\/posts\/2648","targetHints":{"allow":["GET"]}}],"collection":[{"href":"https:\/\/senat.cm\/index.php?rest_route=\/wp\/v2\/posts"}],"about":[{"href":"https:\/\/senat.cm\/index.php?rest_route=\/wp\/v2\/types\/post"}],"author":[{"embeddable":true,"href":"https:\/\/senat.cm\/index.php?rest_route=\/wp\/v2\/users\/2"}],"replies":[{"embeddable":true,"href":"https:\/\/senat.cm\/index.php?rest_route=%2Fwp%2Fv2%2Fcomments&post=2648"}],"version-history":[{"count":1,"href":"https:\/\/senat.cm\/index.php?rest_route=\/wp\/v2\/posts\/2648\/revisions"}],"predecessor-version":[{"id":2652,"href":"https:\/\/senat.cm\/index.php?rest_route=\/wp\/v2\/posts\/2648\/revisions\/2652"}],"wp:featuredmedia":[{"embeddable":true,"href":"https:\/\/senat.cm\/index.php?rest_route=\/wp\/v2\/media\/2649"}],"wp:attachment":[{"href":"https:\/\/senat.cm\/index.php?rest_route=%2Fwp%2Fv2%2Fmedia&parent=2648"}],"wp:term":[{"taxonomy":"category","embeddable":true,"href":"https:\/\/senat.cm\/index.php?rest_route=%2Fwp%2Fv2%2Fcategories&post=2648"},{"taxonomy":"post_tag","embeddable":true,"href":"https:\/\/senat.cm\/index.php?rest_route=%2Fwp%2Fv2%2Ftags&post=2648"},{"taxonomy":"post_folder","embeddable":true,"href":"https:\/\/senat.cm\/index.php?rest_route=%2Fwp%2Fv2%2Fpost_folder&post=2648"}],"curies":[{"name":"wp","href":"https:\/\/api.w.org\/{rel}","templated":true}]}}