{"id":2654,"date":"2024-02-23T15:30:00","date_gmt":"2024-02-23T14:30:00","guid":{"rendered":"https:\/\/senat.cm\/?p=2654"},"modified":"2024-02-26T11:37:28","modified_gmt":"2024-02-26T10:37:28","slug":"promote-2024","status":"publish","type":"post","link":"https:\/\/senat.cm\/?p=2654","title":{"rendered":"PROMOTE 2024"},"content":{"rendered":"\n<h2 class=\"wp-block-heading\">Le Ministre d&#8217;Etat- SGPR au &#8220;Parlement&#8221;<\/h2>\n\n\n\n<p>A quelques jours du clap de fin de la foire de l&#8217;entreprenariat et de la PME, le site du Palais des Congr\u00e8s <a><\/a>a re\u00e7u la visite du Ministre d&#8217;Etat , Secr\u00e9taire G\u00e9n\u00e9ral \u00e0 la Pr\u00e9sidence de la R\u00e9publique, Ferdinand NGOH NGOH, qu&#8217;accompagnait le Ministre du commerce.<\/p>\n\n\n\n<p>A la t\u00eate d&#8217;une forte d\u00e9l\u00e9gation, l&#8217;h\u00f4te de marque a tenu \u00e0 visiter le stand du REP-COD sous la banni\u00e8re du Parlement.<\/p>\n\n\n\n<p>Pour l&#8217;accueillir les Secr\u00e9taires G\u00e9n\u00e9raux des deux Chambres : Bernard Wongolo et Florence Awasom du S\u00e9nat et Andr\u00e9 No\u00ebl Essian de l&#8217;Assembl\u00e9e nationale.<\/p>\n\n\n\n<p>Moment de partage en toute convivialit\u00e9 au cours duquel le MinEtat\/ SGPR a \u00e9chang\u00e9 avec les hauts responsables. Entre poign\u00e9es de main et pr\u00e9sentation des activit\u00e9s du REP-COD en faveur de la diaspora camerounaise.<\/p>\n\n\n\n<p>Notons que le parlement est pr\u00e9sent depuis l&#8217;ouverture de la foire Promote. Outre l&#8217; accueil, l&#8217;information et les renseignements au sujet du fonctionnement du S\u00e9nat et de l&#8217;Assembl\u00e9e nationale , des conf\u00e9rences th\u00e9matiques ont \u00e9t\u00e9 organis\u00e9es depuis mardi sur des sujets de premi\u00e8re importance pour la diaspora Camerounaise. Notamment l&#8217;acc\u00e8s au foncier, la formation professionnelle, les facilitations douani\u00e8res etc&#8230; la foire se referme ce dimanche 25 f\u00e9vrier.<\/p>\n\n\n\n<figure class=\"wp-block-image size-full\"><img loading=\"lazy\" decoding=\"async\" width=\"945\" height=\"620\" src=\"https:\/\/senat.cm\/wp-content\/uploads\/2024\/02\/rep-cod-2.jpg\" alt=\"\" class=\"wp-image-2656\" srcset=\"https:\/\/senat.cm\/wp-content\/uploads\/2024\/02\/rep-cod-2.jpg 945w, https:\/\/senat.cm\/wp-content\/uploads\/2024\/02\/rep-cod-2-300x197.jpg 300w, https:\/\/senat.cm\/wp-content\/uploads\/2024\/02\/rep-cod-2-768x504.jpg 768w\" sizes=\"auto, (max-width: 945px) 100vw, 945px\" \/><\/figure>\n","protected":false},"excerpt":{"rendered":"<p>Le Ministre d&#8217;Etat- SGPR au &#8220;Parlement&#8221; A quelques jours du clap de fin de la foire de l&#8217;entreprenariat et de la PME, le site du Palais des Congr\u00e8s a re\u00e7u la visite du Ministre d&#8217;Etat , Secr\u00e9taire G\u00e9n\u00e9ral \u00e0 la Pr\u00e9sidence de la R\u00e9publique, Ferdinand NGOH NGOH, qu&#8217;accompagnait le Ministre du commerce. A la t\u00eate [&hellip;]<\/p>\n","protected":false},"author":2,"featured_media":2655,"comment_status":"open","ping_status":"open","sticky":false,"template":"","format":"standard","meta":{"_monsterinsights_skip_tracking":false,"_monsterinsights_sitenote_active":false,"_monsterinsights_sitenote_note":"","_monsterinsights_sitenote_category":0,"footnotes":""},"categories":[1],"tags":[382,378,380],"post_folder":[],"class_list":["post-2654","post","type-post","status-publish","format-standard","has-post-thumbnail","hentry","category-non-classe","tag-parlement","tag-promote-2024","tag-rep-cod"],"_links":{"self":[{"href":"https:\/\/senat.cm\/index.php?rest_route=\/wp\/v2\/posts\/2654","targetHints":{"allow":["GET"]}}],"collection":[{"href":"https:\/\/senat.cm\/index.php?rest_route=\/wp\/v2\/posts"}],"about":[{"href":"https:\/\/senat.cm\/index.php?rest_route=\/wp\/v2\/types\/post"}],"author":[{"embeddable":true,"href":"https:\/\/senat.cm\/index.php?rest_route=\/wp\/v2\/users\/2"}],"replies":[{"embeddable":true,"href":"https:\/\/senat.cm\/index.php?rest_route=%2Fwp%2Fv2%2Fcomments&post=2654"}],"version-history":[{"count":1,"href":"https:\/\/senat.cm\/index.php?rest_route=\/wp\/v2\/posts\/2654\/revisions"}],"predecessor-version":[{"id":2657,"href":"https:\/\/senat.cm\/index.php?rest_route=\/wp\/v2\/posts\/2654\/revisions\/2657"}],"wp:featuredmedia":[{"embeddable":true,"href":"https:\/\/senat.cm\/index.php?rest_route=\/wp\/v2\/media\/2655"}],"wp:attachment":[{"href":"https:\/\/senat.cm\/index.php?rest_route=%2Fwp%2Fv2%2Fmedia&parent=2654"}],"wp:term":[{"taxonomy":"category","embeddable":true,"href":"https:\/\/senat.cm\/index.php?rest_route=%2Fwp%2Fv2%2Fcategories&post=2654"},{"taxonomy":"post_tag","embeddable":true,"href":"https:\/\/senat.cm\/index.php?rest_route=%2Fwp%2Fv2%2Ftags&post=2654"},{"taxonomy":"post_folder","embeddable":true,"href":"https:\/\/senat.cm\/index.php?rest_route=%2Fwp%2Fv2%2Fpost_folder&post=2654"}],"curies":[{"name":"wp","href":"https:\/\/api.w.org\/{rel}","templated":true}]}}