{"id":2676,"date":"2024-03-05T17:30:00","date_gmt":"2024-03-05T16:30:00","guid":{"rendered":"https:\/\/senat.cm\/?p=2676"},"modified":"2024-03-07T14:45:26","modified_gmt":"2024-03-07T13:45:26","slug":"jour-de-rentree-parlementaire","status":"publish","type":"post","link":"https:\/\/senat.cm\/?p=2676","title":{"rendered":"JOUR DE RENTREE PARLEMENTAIRE"},"content":{"rendered":"\n<h2 class=\"wp-block-heading\">LES FEMMES ET LES JEUNES D&#8217;ABORD&#8221;<\/h2>\n\n\n\n<p>Les d\u00e9fis de ces deux franges de la soci\u00e9t\u00e9 \u00e9taient au c\u0153ur de l&#8217;allocution du Doyen d&#8217;\u00e2ge \u00e0 l&#8217;ouverture de la Session Ordinaire de mars.<\/p>\n\n\n\n<p>&#8221; <a><\/a>Mes chers jeunes compatriotes c&#8217;est sur vous que repose l&#8217;avenir de ce cher et beau pays&#8221;. C&#8217;est par ces propos que le S\u00e9nateur Ren\u00e9 ZE NGUELE a tenu a rappeler la place de choix qu&#8217;occupent les jeunes. Si le Doyen d&#8217;\u00e2ge ne fait pas abstraction des difficult\u00e9s que rencontre cette couche sociale, il salue la foi patriotique des jeunes camerounais fiers de leur nationalit\u00e9. Le doyen d&#8217;\u00e2ge condamne par ailleurs l&#8217;attaque de Nkambe perp\u00e9tr\u00e9 le 11 fevrier dernier, ayant fait un mort et de nombreux bless\u00e9s; il a en cette occasion exprim\u00e9 la compassion de la Chambre aux familles \u00e9prouv\u00e9es.<\/p>\n\n\n\n<p>Le S\u00e9nat croit au genre: les jeunes mais aussi aux femmes en qui il faut davantage investir afin qu&#8217;elles puissent pleinement jouer leu r\u00f4le &#8220;d&#8217;actrices majeures du d\u00e9veloppement &#8220;.<\/p>\n\n\n\n<p>L&#8217;enjeu de cette Session Ordinaire n&#8217;a pas \u00e9t\u00e9 \u00e9lud\u00e9 : la mise en place des organes de la Chambre Haute, l&#8217;\u00e9lection du Pr\u00e9sident, des membres du Bureau et des 9 commissions . Apr\u00e8s cela, &#8220;il faudra r\u00e9solument se mettre au travail afin de remplir nos missions institutionnelles&#8221;, a pr\u00e9cis\u00e9 le doyen d&#8217;\u00e2ge.<\/p>\n\n\n\n<p>La C\u00e9r\u00e9monie solennelle a connu la pr\u00e9sence d&#8217;un parterre important de personnalit\u00e9s, des membres du Gouvernement avec \u00e0 leur t\u00eate le Premier Ministre, Chef du Gouvernement et des Repr\u00e9sentants du Corps diplomatique. <\/p>\n\n\n\n<figure class=\"wp-block-image size-full\"><img loading=\"lazy\" decoding=\"async\" width=\"920\" height=\"614\" src=\"https:\/\/senat.cm\/wp-content\/uploads\/2024\/03\/senateur.jpg\" alt=\"\" class=\"wp-image-2677\" srcset=\"https:\/\/senat.cm\/wp-content\/uploads\/2024\/03\/senateur.jpg 920w, https:\/\/senat.cm\/wp-content\/uploads\/2024\/03\/senateur-300x200.jpg 300w, https:\/\/senat.cm\/wp-content\/uploads\/2024\/03\/senateur-768x513.jpg 768w\" sizes=\"auto, (max-width: 920px) 100vw, 920px\" \/><\/figure>\n\n\n\n<figure class=\"wp-block-image size-full\"><img loading=\"lazy\" decoding=\"async\" width=\"920\" height=\"614\" src=\"https:\/\/senat.cm\/wp-content\/uploads\/2024\/03\/hemicycle.jpg\" alt=\"\" class=\"wp-image-2679\" srcset=\"https:\/\/senat.cm\/wp-content\/uploads\/2024\/03\/hemicycle.jpg 920w, https:\/\/senat.cm\/wp-content\/uploads\/2024\/03\/hemicycle-300x200.jpg 300w, https:\/\/senat.cm\/wp-content\/uploads\/2024\/03\/hemicycle-768x513.jpg 768w\" sizes=\"auto, (max-width: 920px) 100vw, 920px\" \/><\/figure>\n","protected":false},"excerpt":{"rendered":"<p>LES FEMMES ET LES JEUNES D&#8217;ABORD&#8221; Les d\u00e9fis de ces deux franges de la soci\u00e9t\u00e9 \u00e9taient au c\u0153ur de l&#8217;allocution du Doyen d&#8217;\u00e2ge \u00e0 l&#8217;ouverture de la Session Ordinaire de mars. &#8221; Mes chers jeunes compatriotes c&#8217;est sur vous que repose l&#8217;avenir de ce cher et beau pays&#8221;. C&#8217;est par ces propos que le S\u00e9nateur [&hellip;]<\/p>\n","protected":false},"author":2,"featured_media":2678,"comment_status":"open","ping_status":"open","sticky":false,"template":"","format":"standard","meta":{"_monsterinsights_skip_tracking":false,"_monsterinsights_sitenote_active":false,"_monsterinsights_sitenote_note":"","_monsterinsights_sitenote_category":0,"footnotes":""},"categories":[1],"tags":[362],"post_folder":[],"class_list":["post-2676","post","type-post","status-publish","format-standard","has-post-thumbnail","hentry","category-non-classe","tag-bureau-dage-du-senat"],"_links":{"self":[{"href":"https:\/\/senat.cm\/index.php?rest_route=\/wp\/v2\/posts\/2676","targetHints":{"allow":["GET"]}}],"collection":[{"href":"https:\/\/senat.cm\/index.php?rest_route=\/wp\/v2\/posts"}],"about":[{"href":"https:\/\/senat.cm\/index.php?rest_route=\/wp\/v2\/types\/post"}],"author":[{"embeddable":true,"href":"https:\/\/senat.cm\/index.php?rest_route=\/wp\/v2\/users\/2"}],"replies":[{"embeddable":true,"href":"https:\/\/senat.cm\/index.php?rest_route=%2Fwp%2Fv2%2Fcomments&post=2676"}],"version-history":[{"count":1,"href":"https:\/\/senat.cm\/index.php?rest_route=\/wp\/v2\/posts\/2676\/revisions"}],"predecessor-version":[{"id":2680,"href":"https:\/\/senat.cm\/index.php?rest_route=\/wp\/v2\/posts\/2676\/revisions\/2680"}],"wp:featuredmedia":[{"embeddable":true,"href":"https:\/\/senat.cm\/index.php?rest_route=\/wp\/v2\/media\/2678"}],"wp:attachment":[{"href":"https:\/\/senat.cm\/index.php?rest_route=%2Fwp%2Fv2%2Fmedia&parent=2676"}],"wp:term":[{"taxonomy":"category","embeddable":true,"href":"https:\/\/senat.cm\/index.php?rest_route=%2Fwp%2Fv2%2Fcategories&post=2676"},{"taxonomy":"post_tag","embeddable":true,"href":"https:\/\/senat.cm\/index.php?rest_route=%2Fwp%2Fv2%2Ftags&post=2676"},{"taxonomy":"post_folder","embeddable":true,"href":"https:\/\/senat.cm\/index.php?rest_route=%2Fwp%2Fv2%2Fpost_folder&post=2676"}],"curies":[{"name":"wp","href":"https:\/\/api.w.org\/{rel}","templated":true}]}}