{"id":2681,"date":"2024-03-11T15:30:00","date_gmt":"2024-03-11T14:30:00","guid":{"rendered":"https:\/\/senat.cm\/?p=2681"},"modified":"2024-03-12T13:38:12","modified_gmt":"2024-03-12T12:38:12","slug":"celebration-de-la-jif-2024-au-senat","status":"publish","type":"post","link":"https:\/\/senat.cm\/?p=2681","title":{"rendered":"C\u00e9l\u00e9bration de la JIF 2024 au S\u00e9nat."},"content":{"rendered":"\n<h2 class=\"wp-block-heading\">C\u2019est dans une ambiance tr\u00e8s festive que les dames du S\u00e9nat ont c\u00e9l\u00e9br\u00e9 la 39\u00e8me \u00e9dition de la Journ\u00e9e internationale des droits des femmes. <\/h2>\n\n\n\n<p>Apr\u00e8s une semaine d\u2019activit\u00e9s, le personnel f\u00e9minin de la Chambre Haute a r\u00e9pondu massivement pr\u00e9sent ce 8 mars 2024 au boulevard du 20 mai pour la grande parade pr\u00e9sid\u00e9e par la premi\u00e8re dame, Chantal Biya.<\/p>\n\n\n\n<p>V\u00eatues de leurs belles tenues roses et de leurs chapeaux verts, elles ont battu le pav\u00e9 pour dire oui \u00e0 l\u2019investissement en faveur de la femme.<\/p>\n\n\n\n<p>Apr\u00e8s le d\u00e9fil\u00e9, place \u00e0 la f\u00eate au palais de congr\u00e8s.<\/p>\n\n\n\n<p>Sous la conduite du secr\u00e9taire g\u00e9n\u00e9ral adjoint, Mme Florence Awasom, Superviseure g\u00e9n\u00e9rale des activit\u00e9s du 8 mars au S\u00e9nat, du Directeur de Cabinet du Pr\u00e9sident du S\u00e9nat, Justin Njomatchoua , du Secr\u00e9taire g\u00e9n\u00e9ral adjoint, Bernard wongolo et des femmes S\u00e9nateurs, les dames ont en effet communi\u00e9 dans la convivialit\u00e9. Elles ont esquiss\u00e9 des pas de danse et pouss\u00e9 la chansonnette.<\/p>\n\n\n\n<figure class=\"wp-block-image size-full is-resized\"><img loading=\"lazy\" decoding=\"async\" width=\"614\" height=\"920\" src=\"https:\/\/senat.cm\/wp-content\/uploads\/2024\/03\/sga-2.jpg\" alt=\"\" class=\"wp-image-2686\" style=\"width:840px;height:auto\" srcset=\"https:\/\/senat.cm\/wp-content\/uploads\/2024\/03\/sga-2.jpg 614w, https:\/\/senat.cm\/wp-content\/uploads\/2024\/03\/sga-2-200x300.jpg 200w\" sizes=\"auto, (max-width: 614px) 100vw, 614px\" \/><\/figure>\n\n\n\n<p>Rappelons qu&#8217;en mati\u00e8re de gender empowerment, le S\u00e9nat a des chiffres assez \u00e9loquents avec 33 femmes s\u00e9nateurs pour la l\u00e9gislature en cours, deux dames conseillers techniques sur 3, 2 charg\u00e9es de missions sur 3 sont des femmes et un total de 159 femmes sur les 305 personnels que compte la Chambre.<\/p>\n\n\n\n<figure class=\"wp-block-image size-full\"><img loading=\"lazy\" decoding=\"async\" width=\"920\" height=\"614\" src=\"https:\/\/senat.cm\/wp-content\/uploads\/2024\/03\/8-mars.jpg\" alt=\"\" class=\"wp-image-2683\" srcset=\"https:\/\/senat.cm\/wp-content\/uploads\/2024\/03\/8-mars.jpg 920w, https:\/\/senat.cm\/wp-content\/uploads\/2024\/03\/8-mars-300x200.jpg 300w, https:\/\/senat.cm\/wp-content\/uploads\/2024\/03\/8-mars-768x513.jpg 768w\" sizes=\"auto, (max-width: 920px) 100vw, 920px\" \/><\/figure>\n\n\n\n<figure class=\"wp-block-image size-full\"><img loading=\"lazy\" decoding=\"async\" width=\"920\" height=\"614\" src=\"https:\/\/senat.cm\/wp-content\/uploads\/2024\/03\/femmes-senateurs.jpg\" alt=\"\" class=\"wp-image-2684\" srcset=\"https:\/\/senat.cm\/wp-content\/uploads\/2024\/03\/femmes-senateurs.jpg 920w, https:\/\/senat.cm\/wp-content\/uploads\/2024\/03\/femmes-senateurs-300x200.jpg 300w, https:\/\/senat.cm\/wp-content\/uploads\/2024\/03\/femmes-senateurs-768x513.jpg 768w\" sizes=\"auto, (max-width: 920px) 100vw, 920px\" \/><\/figure>\n\n\n\n<figure class=\"wp-block-image size-full\"><img loading=\"lazy\" decoding=\"async\" width=\"920\" height=\"614\" src=\"https:\/\/senat.cm\/wp-content\/uploads\/2024\/03\/photo-de-famille.jpg\" alt=\"\" class=\"wp-image-2685\" srcset=\"https:\/\/senat.cm\/wp-content\/uploads\/2024\/03\/photo-de-famille.jpg 920w, https:\/\/senat.cm\/wp-content\/uploads\/2024\/03\/photo-de-famille-300x200.jpg 300w, https:\/\/senat.cm\/wp-content\/uploads\/2024\/03\/photo-de-famille-768x513.jpg 768w\" sizes=\"auto, (max-width: 920px) 100vw, 920px\" \/><\/figure>\n","protected":false},"excerpt":{"rendered":"<p>C\u2019est dans une ambiance tr\u00e8s festive que les dames du S\u00e9nat ont c\u00e9l\u00e9br\u00e9 la 39\u00e8me \u00e9dition de la Journ\u00e9e internationale des droits des femmes. Apr\u00e8s une semaine d\u2019activit\u00e9s, le personnel f\u00e9minin de la Chambre Haute a r\u00e9pondu massivement pr\u00e9sent ce 8 mars 2024 au boulevard du 20 mai pour la grande parade pr\u00e9sid\u00e9e par la [&hellip;]<\/p>\n","protected":false},"author":2,"featured_media":2682,"comment_status":"open","ping_status":"open","sticky":false,"template":"","format":"standard","meta":{"_monsterinsights_skip_tracking":false,"_monsterinsights_sitenote_active":false,"_monsterinsights_sitenote_note":"","_monsterinsights_sitenote_category":0,"footnotes":""},"categories":[1],"tags":[388,390,214],"post_folder":[],"class_list":["post-2681","post","type-post","status-publish","format-standard","has-post-thumbnail","hentry","category-non-classe","tag-8-mars","tag-femmes-senateurs","tag-senat-du-cameroun"],"_links":{"self":[{"href":"https:\/\/senat.cm\/index.php?rest_route=\/wp\/v2\/posts\/2681","targetHints":{"allow":["GET"]}}],"collection":[{"href":"https:\/\/senat.cm\/index.php?rest_route=\/wp\/v2\/posts"}],"about":[{"href":"https:\/\/senat.cm\/index.php?rest_route=\/wp\/v2\/types\/post"}],"author":[{"embeddable":true,"href":"https:\/\/senat.cm\/index.php?rest_route=\/wp\/v2\/users\/2"}],"replies":[{"embeddable":true,"href":"https:\/\/senat.cm\/index.php?rest_route=%2Fwp%2Fv2%2Fcomments&post=2681"}],"version-history":[{"count":1,"href":"https:\/\/senat.cm\/index.php?rest_route=\/wp\/v2\/posts\/2681\/revisions"}],"predecessor-version":[{"id":2687,"href":"https:\/\/senat.cm\/index.php?rest_route=\/wp\/v2\/posts\/2681\/revisions\/2687"}],"wp:featuredmedia":[{"embeddable":true,"href":"https:\/\/senat.cm\/index.php?rest_route=\/wp\/v2\/media\/2682"}],"wp:attachment":[{"href":"https:\/\/senat.cm\/index.php?rest_route=%2Fwp%2Fv2%2Fmedia&parent=2681"}],"wp:term":[{"taxonomy":"category","embeddable":true,"href":"https:\/\/senat.cm\/index.php?rest_route=%2Fwp%2Fv2%2Fcategories&post=2681"},{"taxonomy":"post_tag","embeddable":true,"href":"https:\/\/senat.cm\/index.php?rest_route=%2Fwp%2Fv2%2Ftags&post=2681"},{"taxonomy":"post_folder","embeddable":true,"href":"https:\/\/senat.cm\/index.php?rest_route=%2Fwp%2Fv2%2Fpost_folder&post=2681"}],"curies":[{"name":"wp","href":"https:\/\/api.w.org\/{rel}","templated":true}]}}