{"id":2689,"date":"2024-03-25T10:00:00","date_gmt":"2024-03-25T09:00:00","guid":{"rendered":"https:\/\/senat.cm\/?p=2689"},"modified":"2024-03-25T14:42:58","modified_gmt":"2024-03-25T13:42:58","slug":"election-du-bureau-definitif-du-senat","status":"publish","type":"post","link":"https:\/\/senat.cm\/?p=2689","title":{"rendered":"Election du bureau d\u00e9finitif du S\u00e9nat:"},"content":{"rendered":"\n<h2 class=\"wp-block-heading\">Pr\u00e9sident&#8230;Marcel NIAT NJIFENJI! <\/h2>\n\n\n\n<p>Le s\u00e9nateur Marcel Niat Njifenji Seul candidat en lice au poste de pr\u00e9sident du s\u00e9nat, a \u00e9t\u00e9 r\u00e9\u00e9lu avec 91 voix pour sur 95 votants et 4 bulletins nuls, cet apr\u00e8s-midi au palais de congr\u00e8s.<br>Appel\u00e9 \u00e0 monter imm\u00e9diatement au perchoir par le doyen d\u2019\u00e2ge Ren\u00e9 Ze Nguele, il a tenu \u00e0 remercier ses coll\u00e8gues pour la confiance renouvel\u00e9.<br>Apr\u00e8s son \u00e9lection, le Pr\u00e9sident du S\u00e9nat a pr\u00e9sid\u00e9 l\u2019\u00e9lection du 1er Vice-pr\u00e9sident du S\u00e9nat, le s\u00e9nateur Aboubakary Abdoulaye, \u00e9galement seul candidat \u00e0 ce poste. Le lamido de Rey Bouba a obtenu un score de 100% des suffrage valablement exprim\u00e9, soit un score de 95 voix pour, sur 95 votants.<br>Le vote s\u2019est poursuivi par l\u2019\u00e9lection \u00e0 92 voix pour, sur 93votants, de la liste commune pr\u00e9sent\u00e9e par les partis politiques repr\u00e9sent\u00e9s au S\u00e9nat. Ainsi pour les 4 vice-pr\u00e9sidents, Nfor Tabetando Ndieb-Nso, Robert Nkili, Din Bell Marie Armande et Vanigansen Mochiggle.<br>Chez les questeurs, le s\u00e9nateur du d\u00e9partement de l\u2019Oc\u00e9an, Mba Mba Gr\u00e9goire fait son entr\u00e9e dans ce bureau comme troisi\u00e8me questeur et comble ainsi ce poste qui \u00e9tait vacant depuis le d\u00e9c\u00e8s l\u2019ann\u00e9e derni\u00e8re du s\u00e9nateur Bisseck Paulette. <\/p>\n\n\n\n<p>Quant aux huit secr\u00e9taires, ils ont \u00e9t\u00e9 tous reconduis.<br>Les s\u00e9nateurs nouvellement r\u00e9\u00e9lu n\u2019ont pas cach\u00e9 leurs joies pour la confiance .<br>\u00a0<strong>\u00ab\u00a0Je dis merci au Pr\u00e9sident de la R\u00e9publique qui m\u2019a nomm\u00e9, ainsi qu\u2019\u00e0 l\u00e0 hi\u00e9rarchise du parti. Cela veut dire que tout le monde suit ce que nous faisons ici au S\u00e9nat, nous allons continuer \u00e0 contribuer au bon travail du Pr\u00e9sident Niat. En tant que vice-pr\u00e9sident, partout o\u00f9 il m\u2019enverra j\u2019irai avec beaucoup de patriotisme. Le S\u00e9nat est une institution tr\u00e8s d\u00e9licate, il y a des textes \u00e0 examiner avec tous le s\u00e9rieux possible. Nous allons toujours apporter notre modeste contribution pour que le Cameroun aille toujours de l\u2019avant et reste un pays de paix et j\u2019invite donc les camerounais \u00e0 faire confiance \u00e0 nos institutions.\u00a0\u00bb<\/strong> a confi\u00e9 le vice-pr\u00e9sident Robert Nkili.<br>Le d\u00e9sormais Questeur MBA MBA Gr\u00e9goire lui \u00e9galement n\u2019a pas cach\u00e9 son \u00e9motion <strong>\u00ab\u00a0Je suis tr\u00e8s \u00e9mu car, ouvrier de ce parti depuis plus de 30 ans. C\u2019est une gr\u00e2ce d\u2019\u00eatre investi et je dis merci au Chef de l\u2019Etat pour cette nomination. Je l\u2019accompagne avec fiert\u00e9 depuis qu\u2019il a \u00e9t\u00e9 \u00e9lu chef de l\u2019\u00e9tat et je l\u2019accompagnerai toujours. Nous sommes d\u00e9termin\u00e9s \u00e0 faire en sorte que les jeunes se reconnaissent dans son projet de soci\u00e9t\u00e9. Je viens au bureau du S\u00e9nat non pas \u00e0 des fins personnelles mais pour apporter le souffle du peuple, car je suis un \u00e9lu du peuple. Je vais apporter cette force que le peuple d\u00e9gage dans nos r\u00e9gions pour orienter certaines d\u00e9cisions avec mes coll\u00e8gues. Et je voudrais les remercier pour ce vote massif pour notre Pr\u00e9sident du S\u00e9nat\u00a0\u00bb. <\/strong>S&#8217;est-il exprim\u00e9. <\/p>\n\n\n\n<figure class=\"wp-block-image size-full\"><img loading=\"lazy\" decoding=\"async\" width=\"920\" height=\"614\" src=\"https:\/\/senat.cm\/wp-content\/uploads\/2024\/03\/psen.jpg\" alt=\"\" class=\"wp-image-2692\" srcset=\"https:\/\/senat.cm\/wp-content\/uploads\/2024\/03\/psen.jpg 920w, https:\/\/senat.cm\/wp-content\/uploads\/2024\/03\/psen-300x200.jpg 300w, https:\/\/senat.cm\/wp-content\/uploads\/2024\/03\/psen-768x513.jpg 768w\" sizes=\"auto, (max-width: 920px) 100vw, 920px\" \/><\/figure>\n","protected":false},"excerpt":{"rendered":"<p>Pr\u00e9sident&#8230;Marcel NIAT NJIFENJI! Le s\u00e9nateur Marcel Niat Njifenji Seul candidat en lice au poste de pr\u00e9sident du s\u00e9nat, a \u00e9t\u00e9 r\u00e9\u00e9lu avec 91 voix pour sur 95 votants et 4 bulletins nuls, cet apr\u00e8s-midi au palais de congr\u00e8s.Appel\u00e9 \u00e0 monter imm\u00e9diatement au perchoir par le doyen d\u2019\u00e2ge Ren\u00e9 Ze Nguele, il a tenu \u00e0 remercier [&hellip;]<\/p>\n","protected":false},"author":2,"featured_media":2690,"comment_status":"open","ping_status":"open","sticky":false,"template":"","format":"standard","meta":{"_monsterinsights_skip_tracking":false,"_monsterinsights_sitenote_active":false,"_monsterinsights_sitenote_note":"","_monsterinsights_sitenote_category":0,"footnotes":""},"categories":[1],"tags":[],"post_folder":[],"class_list":["post-2689","post","type-post","status-publish","format-standard","has-post-thumbnail","hentry","category-non-classe"],"_links":{"self":[{"href":"https:\/\/senat.cm\/index.php?rest_route=\/wp\/v2\/posts\/2689","targetHints":{"allow":["GET"]}}],"collection":[{"href":"https:\/\/senat.cm\/index.php?rest_route=\/wp\/v2\/posts"}],"about":[{"href":"https:\/\/senat.cm\/index.php?rest_route=\/wp\/v2\/types\/post"}],"author":[{"embeddable":true,"href":"https:\/\/senat.cm\/index.php?rest_route=\/wp\/v2\/users\/2"}],"replies":[{"embeddable":true,"href":"https:\/\/senat.cm\/index.php?rest_route=%2Fwp%2Fv2%2Fcomments&post=2689"}],"version-history":[{"count":2,"href":"https:\/\/senat.cm\/index.php?rest_route=\/wp\/v2\/posts\/2689\/revisions"}],"predecessor-version":[{"id":2693,"href":"https:\/\/senat.cm\/index.php?rest_route=\/wp\/v2\/posts\/2689\/revisions\/2693"}],"wp:featuredmedia":[{"embeddable":true,"href":"https:\/\/senat.cm\/index.php?rest_route=\/wp\/v2\/media\/2690"}],"wp:attachment":[{"href":"https:\/\/senat.cm\/index.php?rest_route=%2Fwp%2Fv2%2Fmedia&parent=2689"}],"wp:term":[{"taxonomy":"category","embeddable":true,"href":"https:\/\/senat.cm\/index.php?rest_route=%2Fwp%2Fv2%2Fcategories&post=2689"},{"taxonomy":"post_tag","embeddable":true,"href":"https:\/\/senat.cm\/index.php?rest_route=%2Fwp%2Fv2%2Ftags&post=2689"},{"taxonomy":"post_folder","embeddable":true,"href":"https:\/\/senat.cm\/index.php?rest_route=%2Fwp%2Fv2%2Fpost_folder&post=2689"}],"curies":[{"name":"wp","href":"https:\/\/api.w.org\/{rel}","templated":true}]}}