{"id":2703,"date":"2024-04-03T18:30:00","date_gmt":"2024-04-03T17:30:00","guid":{"rendered":"https:\/\/senat.cm\/?p=2703"},"modified":"2024-04-05T10:51:55","modified_gmt":"2024-04-05T09:51:55","slug":"session-ordinaire-de-mars-2024-clap-de-fin","status":"publish","type":"post","link":"https:\/\/senat.cm\/?p=2703","title":{"rendered":"Session ordinaire de mars 2024: Clap de fin"},"content":{"rendered":"\n<h2 class=\"wp-block-heading\">La c\u00e9r\u00e9monie de cl\u00f4ture \u00e9tait pr\u00e9sid\u00e9e par le Pr\u00e9sident du S\u00e9nat Marcel Niat Njifenji ce mercredi, 03 Avril 2024.<\/h2>\n\n\n\n<p>C\u2019est une Session particuli\u00e8re qui s\u2019est achev\u00e9e cet apr\u00e8s midi au palais de congr\u00e8s de Yaound\u00e9, en pr\u00e9sence des membres du gouvernement conduits par le Premier Ministre, joseph Dion NGUTE.<\/p>\n\n\n\n<p>Deux <a><\/a>points majeurs ont marqu\u00e9 cette Session: l\u2019\u00e9lection du bureau d\u00e9finitif du s\u00e9nat et la<\/p>\n\n\n\n<p>prestation de serment des membres du Conseil Constitutionnel devant le Congr\u00e8s.<\/p>\n\n\n\n<p>Dans son discours de cl\u00f4ture, le pr\u00e9sident de la Chambre Haute a tenu \u00e0 remercier une fois de plus le Chef de l\u2019Etat pour l\u2019int\u00e9r\u00eat et la confiance renouvel\u00e9e en sa personne. Il s\u2019est \u00e9galement engag\u00e9 \u00e0 poursuivre la construction d\u2019un S\u00e9nat r\u00e9solument tourn\u00e9 vers la recherche de r\u00e9ponses aux attentes des collectivit\u00e9s territoriales d\u00e9centralis\u00e9es. La Session de juin prochain laisse entrevoir un agenda fort charg\u00e9. Notamment avec la tenue du d\u00e9bat d\u2019orientation budg\u00e9taire. <\/p>\n\n\n\n<figure class=\"wp-block-image size-full\"><img loading=\"lazy\" decoding=\"async\" width=\"945\" height=\"641\" src=\"https:\/\/senat.cm\/wp-content\/uploads\/2024\/04\/gouvernement.jpg\" alt=\"\" class=\"wp-image-2705\" srcset=\"https:\/\/senat.cm\/wp-content\/uploads\/2024\/04\/gouvernement.jpg 945w, https:\/\/senat.cm\/wp-content\/uploads\/2024\/04\/gouvernement-300x203.jpg 300w, https:\/\/senat.cm\/wp-content\/uploads\/2024\/04\/gouvernement-768x521.jpg 768w\" sizes=\"auto, (max-width: 945px) 100vw, 945px\" \/><\/figure>\n\n\n\n<figure class=\"wp-block-image size-large\"><img loading=\"lazy\" decoding=\"async\" width=\"1024\" height=\"656\" src=\"https:\/\/senat.cm\/wp-content\/uploads\/2024\/04\/niat-2-1024x656.jpg\" alt=\"\" class=\"wp-image-2706\" srcset=\"https:\/\/senat.cm\/wp-content\/uploads\/2024\/04\/niat-2-1024x656.jpg 1024w, https:\/\/senat.cm\/wp-content\/uploads\/2024\/04\/niat-2-300x192.jpg 300w, https:\/\/senat.cm\/wp-content\/uploads\/2024\/04\/niat-2-768x492.jpg 768w, https:\/\/senat.cm\/wp-content\/uploads\/2024\/04\/niat-2.jpg 1080w\" sizes=\"auto, (max-width: 1024px) 100vw, 1024px\" \/><\/figure>\n","protected":false},"excerpt":{"rendered":"<p>La c\u00e9r\u00e9monie de cl\u00f4ture \u00e9tait pr\u00e9sid\u00e9e par le Pr\u00e9sident du S\u00e9nat Marcel Niat Njifenji ce mercredi, 03 Avril 2024. C\u2019est une Session particuli\u00e8re qui s\u2019est achev\u00e9e cet apr\u00e8s midi au palais de congr\u00e8s de Yaound\u00e9, en pr\u00e9sence des membres du gouvernement conduits par le Premier Ministre, joseph Dion NGUTE. Deux points majeurs ont marqu\u00e9 cette [&hellip;]<\/p>\n","protected":false},"author":2,"featured_media":2704,"comment_status":"open","ping_status":"open","sticky":false,"template":"","format":"standard","meta":{"_monsterinsights_skip_tracking":false,"_monsterinsights_sitenote_active":false,"_monsterinsights_sitenote_note":"","_monsterinsights_sitenote_category":0,"footnotes":""},"categories":[1],"tags":[398,282,214,370,210],"post_folder":[],"class_list":["post-2703","post","type-post","status-publish","format-standard","has-post-thumbnail","hentry","category-non-classe","tag-bureau-definitif-du-senat","tag-president-du-senat","tag-senat-du-cameroun","tag-senateurs","tag-session-ordinaire"],"_links":{"self":[{"href":"https:\/\/senat.cm\/index.php?rest_route=\/wp\/v2\/posts\/2703","targetHints":{"allow":["GET"]}}],"collection":[{"href":"https:\/\/senat.cm\/index.php?rest_route=\/wp\/v2\/posts"}],"about":[{"href":"https:\/\/senat.cm\/index.php?rest_route=\/wp\/v2\/types\/post"}],"author":[{"embeddable":true,"href":"https:\/\/senat.cm\/index.php?rest_route=\/wp\/v2\/users\/2"}],"replies":[{"embeddable":true,"href":"https:\/\/senat.cm\/index.php?rest_route=%2Fwp%2Fv2%2Fcomments&post=2703"}],"version-history":[{"count":2,"href":"https:\/\/senat.cm\/index.php?rest_route=\/wp\/v2\/posts\/2703\/revisions"}],"predecessor-version":[{"id":2708,"href":"https:\/\/senat.cm\/index.php?rest_route=\/wp\/v2\/posts\/2703\/revisions\/2708"}],"wp:featuredmedia":[{"embeddable":true,"href":"https:\/\/senat.cm\/index.php?rest_route=\/wp\/v2\/media\/2704"}],"wp:attachment":[{"href":"https:\/\/senat.cm\/index.php?rest_route=%2Fwp%2Fv2%2Fmedia&parent=2703"}],"wp:term":[{"taxonomy":"category","embeddable":true,"href":"https:\/\/senat.cm\/index.php?rest_route=%2Fwp%2Fv2%2Fcategories&post=2703"},{"taxonomy":"post_tag","embeddable":true,"href":"https:\/\/senat.cm\/index.php?rest_route=%2Fwp%2Fv2%2Ftags&post=2703"},{"taxonomy":"post_folder","embeddable":true,"href":"https:\/\/senat.cm\/index.php?rest_route=%2Fwp%2Fv2%2Fpost_folder&post=2703"}],"curies":[{"name":"wp","href":"https:\/\/api.w.org\/{rel}","templated":true}]}}