{"id":2709,"date":"2024-04-02T14:30:00","date_gmt":"2024-04-02T13:30:00","guid":{"rendered":"https:\/\/senat.cm\/?p=2709"},"modified":"2024-04-05T11:04:20","modified_gmt":"2024-04-05T10:04:20","slug":"3eme-congres-du-parlement-camerounais-les-membres-du-conseil-constitutionnel-ont-entame-leur-deuxieme-mandat","status":"publish","type":"post","link":"https:\/\/senat.cm\/?p=2709","title":{"rendered":"3eme Congr\u00e8s du Parlement Camerounais, les membres du Conseil Constitutionnel ont entam\u00e9 leur deuxi\u00e8me mandat"},"content":{"rendered":"\n<p><strong>C&#8217; \u00e9tait au cours de la c\u00e9r\u00e9monie pr\u00e9sid\u00e9e par le Pr\u00e9sident du Bureau du Congr\u00e8s du Parlement Camerounais, le tr\u00e8s Honorable CAVAYE YEGUIE Djibril assist\u00e9 du Pr\u00e9sident du S\u00e9nat Marcel NIAT Njifenji.<\/strong><\/p>\n\n\n\n<p>Les onze membres du Conseil Constitutionnel ont tour \u00e0 tour pr\u00eat\u00e9 serment devant les parlementaires ce 2 avril 2024 au Palais des Congr\u00e8s de Yaound\u00e9.<\/p>\n\n\n\n<p>En effet le Pr\u00e9sident de la R\u00e9publique du Cameroun a proc\u00e9d\u00e9 le 18 janvier 2024 \u00e0 la signature de deux d\u00e9crets portant nomination de deux membres du Conseil Constitutionnel \u00e0 savoir Minkoa She Adolphe et Logmo Mbeleck Aaron mais \u00e9galement un deuxi\u00e8me d\u00e9cret portant renouvellement des neuf autres membres.<\/p>\n\n\n\n<p>La prestation de serment de ce 2 avril des membres du Conseil Conseil Constitutionnel devant le Parlement r\u00e9uni en Congr\u00e8s est une disposition de la loi, en son article 51 alin\u00e9a 4, qui stipule que les membres du Conseil Constitutionnel pr\u00eatent serment devant le Parlement ( Assembl\u00e9e Nationale et S\u00e9nat) . Ceci marque ainsi leur entr\u00e9e effective en fonction.<\/p>\n\n\n\n<figure class=\"wp-block-image size-full\"><img loading=\"lazy\" decoding=\"async\" width=\"945\" height=\"662\" src=\"https:\/\/senat.cm\/wp-content\/uploads\/2024\/04\/mcc1.jpg\" alt=\"\" class=\"wp-image-2711\" srcset=\"https:\/\/senat.cm\/wp-content\/uploads\/2024\/04\/mcc1.jpg 945w, https:\/\/senat.cm\/wp-content\/uploads\/2024\/04\/mcc1-300x210.jpg 300w, https:\/\/senat.cm\/wp-content\/uploads\/2024\/04\/mcc1-768x538.jpg 768w\" sizes=\"auto, (max-width: 945px) 100vw, 945px\" \/><\/figure>\n\n\n\n<p>Le Pr\u00e9sident du Bureau du Congr\u00e8s du Parlement Camerounais, dans son allocution a pri\u00e9 l&#8217;assistance d&#8217;observer une minute de silence en m\u00e9moire des imminents membres du Conseil qui ont quitt\u00e9 ce monde \u00e0 savoir Joseph Marie Bipoun-Woum, Jean Foumane Akame et Joseph Owona. Ils resteront dans l&#8217;histoire comme des pionniers du Conseil Constitutionnel Camerounais aussi le tr\u00e8s honorable a t-il prescrit aux heureux du jour d&#8217; oeuvrer afin de toujours m\u00e9riter la tr\u00e8s haute confiance, d&#8217;int\u00e9grer la comp\u00e9tence et l&#8217;int\u00e9grit\u00e9 dans l&#8217;exercice de leur mission. Qu&#8217;il s&#8217;agisse de se prononcer sur la Constitutionnalit\u00e9 des lois, des accords et trait\u00e9s internationaux, des r\u00e8glements int\u00e9rieurs . D&#8217;ailleurs plusieurs \u00e9ch\u00e9ances \u00e9lectorales pointent \u00e0 l&#8217;horizon. Ils sont d\u00e9sormais des juges constitutionnels, artisans de la paix mais aussi les acteurs du d\u00e9veloppement.<\/p>\n\n\n\n<p>Ce grand rendez-vous de l&#8217;histoire de la R\u00e9publique du Cameroun s&#8217;est achev\u00e9 par une photo de famille.<\/p>\n\n\n\n<figure class=\"wp-block-image size-full\"><img loading=\"lazy\" decoding=\"async\" width=\"945\" height=\"531\" src=\"https:\/\/senat.cm\/wp-content\/uploads\/2024\/04\/famille.jpg\" alt=\"\" class=\"wp-image-2713\" srcset=\"https:\/\/senat.cm\/wp-content\/uploads\/2024\/04\/famille.jpg 945w, https:\/\/senat.cm\/wp-content\/uploads\/2024\/04\/famille-300x169.jpg 300w, https:\/\/senat.cm\/wp-content\/uploads\/2024\/04\/famille-768x432.jpg 768w\" sizes=\"auto, (max-width: 945px) 100vw, 945px\" \/><\/figure>\n\n\n\n<figure class=\"wp-block-image size-full\"><img loading=\"lazy\" decoding=\"async\" width=\"945\" height=\"642\" src=\"https:\/\/senat.cm\/wp-content\/uploads\/2024\/04\/parlment.jpg\" alt=\"\" class=\"wp-image-2712\" srcset=\"https:\/\/senat.cm\/wp-content\/uploads\/2024\/04\/parlment.jpg 945w, https:\/\/senat.cm\/wp-content\/uploads\/2024\/04\/parlment-300x204.jpg 300w, https:\/\/senat.cm\/wp-content\/uploads\/2024\/04\/parlment-768x522.jpg 768w\" sizes=\"auto, (max-width: 945px) 100vw, 945px\" \/><\/figure>\n","protected":false},"excerpt":{"rendered":"<p>C&#8217; \u00e9tait au cours de la c\u00e9r\u00e9monie pr\u00e9sid\u00e9e par le Pr\u00e9sident du Bureau du Congr\u00e8s du Parlement Camerounais, le tr\u00e8s Honorable CAVAYE YEGUIE Djibril assist\u00e9 du Pr\u00e9sident du S\u00e9nat Marcel NIAT Njifenji. Les onze membres du Conseil Constitutionnel ont tour \u00e0 tour pr\u00eat\u00e9 serment devant les parlementaires ce 2 avril 2024 au Palais des Congr\u00e8s [&hellip;]<\/p>\n","protected":false},"author":2,"featured_media":2710,"comment_status":"open","ping_status":"open","sticky":false,"template":"","format":"standard","meta":{"_monsterinsights_skip_tracking":false,"_monsterinsights_sitenote_active":false,"_monsterinsights_sitenote_note":"","_monsterinsights_sitenote_category":0,"footnotes":""},"categories":[1],"tags":[400,404,402],"post_folder":[],"class_list":["post-2709","post","type-post","status-publish","format-standard","has-post-thumbnail","hentry","category-non-classe","tag-3eme-congres","tag-le-parlement-camerounais","tag-president-du-congres"],"_links":{"self":[{"href":"https:\/\/senat.cm\/index.php?rest_route=\/wp\/v2\/posts\/2709","targetHints":{"allow":["GET"]}}],"collection":[{"href":"https:\/\/senat.cm\/index.php?rest_route=\/wp\/v2\/posts"}],"about":[{"href":"https:\/\/senat.cm\/index.php?rest_route=\/wp\/v2\/types\/post"}],"author":[{"embeddable":true,"href":"https:\/\/senat.cm\/index.php?rest_route=\/wp\/v2\/users\/2"}],"replies":[{"embeddable":true,"href":"https:\/\/senat.cm\/index.php?rest_route=%2Fwp%2Fv2%2Fcomments&post=2709"}],"version-history":[{"count":1,"href":"https:\/\/senat.cm\/index.php?rest_route=\/wp\/v2\/posts\/2709\/revisions"}],"predecessor-version":[{"id":2714,"href":"https:\/\/senat.cm\/index.php?rest_route=\/wp\/v2\/posts\/2709\/revisions\/2714"}],"wp:featuredmedia":[{"embeddable":true,"href":"https:\/\/senat.cm\/index.php?rest_route=\/wp\/v2\/media\/2710"}],"wp:attachment":[{"href":"https:\/\/senat.cm\/index.php?rest_route=%2Fwp%2Fv2%2Fmedia&parent=2709"}],"wp:term":[{"taxonomy":"category","embeddable":true,"href":"https:\/\/senat.cm\/index.php?rest_route=%2Fwp%2Fv2%2Fcategories&post=2709"},{"taxonomy":"post_tag","embeddable":true,"href":"https:\/\/senat.cm\/index.php?rest_route=%2Fwp%2Fv2%2Ftags&post=2709"},{"taxonomy":"post_folder","embeddable":true,"href":"https:\/\/senat.cm\/index.php?rest_route=%2Fwp%2Fv2%2Fpost_folder&post=2709"}],"curies":[{"name":"wp","href":"https:\/\/api.w.org\/{rel}","templated":true}]}}