{"id":2723,"date":"2024-05-22T13:30:00","date_gmt":"2024-05-22T12:30:00","guid":{"rendered":"https:\/\/senat.cm\/?p=2723"},"modified":"2024-05-24T09:40:00","modified_gmt":"2024-05-24T08:40:00","slug":"entrepreneuriat-et-leadership-les-parlementaires-jeunes-se-forment","status":"publish","type":"post","link":"https:\/\/senat.cm\/?p=2723","title":{"rendered":"Entrepreneuriat et leadership: Les parlementaires jeunes se forment"},"content":{"rendered":"\n<h2 class=\"wp-block-heading\">80 s\u00e9nateurs et d\u00e9put\u00e9s du Centre-Sud-Est, ont suivi une formation afin de mieux s\u2019impr\u00e9gner des rouages de leur autonomisation dans divers secteurs.<\/h2>\n\n\n\n<p>Engagement citoyen, importance et utilisation de la carte biom\u00e9trique jeune, entrepreneuriat et leadership; tels \u00e9taient les diff\u00e9rents th\u00e8mes abord\u00e9s au cours de la session de formation destin\u00e9e aux jeunes parlementaires qui s\u2019est tenue le 16 Mai dernier \u00e0 <a><\/a>l\u2019h\u00f4tel Franco \u00e0 Yaound\u00e9.<\/p>\n\n\n\n<p>Parrain\u00e9 par la Fondation Fran\u00e7oise Puene et le programme p\u00e9dagogique Youth Connekt Cameroon, la session de formation a connu la pr\u00e9sence du Professeur Messanga Nyamding qui a entretenu l\u2019assistance sur le dynamisme parlementaire. Le S\u00e9nateur de l\u2019Ouest a quant \u00e0 elle, partag\u00e9 son exp\u00e9rience sur l\u2019entrepreneuriat et le leadership avec les jeunes parlementaires qui \u00e0 la fin, ont re\u00e7u leurs parchemins de fin de formation du Ministre de la jeunesse et de l\u2019\u00e9ducation civique, Mounouna Foutsou.<\/p>\n\n\n\n<figure class=\"wp-block-image size-full\"><img loading=\"lazy\" decoding=\"async\" width=\"945\" height=\"698\" src=\"https:\/\/senat.cm\/wp-content\/uploads\/2024\/05\/senateur-1.jpg\" alt=\"\" class=\"wp-image-2726\" srcset=\"https:\/\/senat.cm\/wp-content\/uploads\/2024\/05\/senateur-1.jpg 945w, https:\/\/senat.cm\/wp-content\/uploads\/2024\/05\/senateur-1-300x222.jpg 300w, https:\/\/senat.cm\/wp-content\/uploads\/2024\/05\/senateur-1-768x567.jpg 768w\" sizes=\"auto, (max-width: 945px) 100vw, 945px\" \/><\/figure>\n\n\n\n<figure class=\"wp-block-image size-large\"><img loading=\"lazy\" decoding=\"async\" width=\"1024\" height=\"772\" src=\"https:\/\/senat.cm\/wp-content\/uploads\/2024\/05\/jeunes-parlemantaires-1024x772.jpg\" alt=\"\" class=\"wp-image-2724\" srcset=\"https:\/\/senat.cm\/wp-content\/uploads\/2024\/05\/jeunes-parlemantaires-1024x772.jpg 1024w, https:\/\/senat.cm\/wp-content\/uploads\/2024\/05\/jeunes-parlemantaires-300x226.jpg 300w, https:\/\/senat.cm\/wp-content\/uploads\/2024\/05\/jeunes-parlemantaires-768x579.jpg 768w, https:\/\/senat.cm\/wp-content\/uploads\/2024\/05\/jeunes-parlemantaires.jpg 1080w\" sizes=\"auto, (max-width: 1024px) 100vw, 1024px\" \/><\/figure>\n","protected":false},"excerpt":{"rendered":"<p>80 s\u00e9nateurs et d\u00e9put\u00e9s du Centre-Sud-Est, ont suivi une formation afin de mieux s\u2019impr\u00e9gner des rouages de leur autonomisation dans divers secteurs. Engagement citoyen, importance et utilisation de la carte biom\u00e9trique jeune, entrepreneuriat et leadership; tels \u00e9taient les diff\u00e9rents th\u00e8mes abord\u00e9s au cours de la session de formation destin\u00e9e aux jeunes parlementaires qui s\u2019est tenue [&hellip;]<\/p>\n","protected":false},"author":2,"featured_media":2727,"comment_status":"open","ping_status":"open","sticky":false,"template":"","format":"standard","meta":{"_monsterinsights_skip_tracking":false,"_monsterinsights_sitenote_active":false,"_monsterinsights_sitenote_note":"","_monsterinsights_sitenote_category":0,"footnotes":""},"categories":[1],"tags":[410,356,214,412],"post_folder":[],"class_list":["post-2723","post","type-post","status-publish","format-standard","has-post-thumbnail","hentry","category-non-classe","tag-formations","tag-parlement-jeune","tag-senat-du-cameroun","tag-senateur-de-louest"],"_links":{"self":[{"href":"https:\/\/senat.cm\/index.php?rest_route=\/wp\/v2\/posts\/2723","targetHints":{"allow":["GET"]}}],"collection":[{"href":"https:\/\/senat.cm\/index.php?rest_route=\/wp\/v2\/posts"}],"about":[{"href":"https:\/\/senat.cm\/index.php?rest_route=\/wp\/v2\/types\/post"}],"author":[{"embeddable":true,"href":"https:\/\/senat.cm\/index.php?rest_route=\/wp\/v2\/users\/2"}],"replies":[{"embeddable":true,"href":"https:\/\/senat.cm\/index.php?rest_route=%2Fwp%2Fv2%2Fcomments&post=2723"}],"version-history":[{"count":1,"href":"https:\/\/senat.cm\/index.php?rest_route=\/wp\/v2\/posts\/2723\/revisions"}],"predecessor-version":[{"id":2729,"href":"https:\/\/senat.cm\/index.php?rest_route=\/wp\/v2\/posts\/2723\/revisions\/2729"}],"wp:featuredmedia":[{"embeddable":true,"href":"https:\/\/senat.cm\/index.php?rest_route=\/wp\/v2\/media\/2727"}],"wp:attachment":[{"href":"https:\/\/senat.cm\/index.php?rest_route=%2Fwp%2Fv2%2Fmedia&parent=2723"}],"wp:term":[{"taxonomy":"category","embeddable":true,"href":"https:\/\/senat.cm\/index.php?rest_route=%2Fwp%2Fv2%2Fcategories&post=2723"},{"taxonomy":"post_tag","embeddable":true,"href":"https:\/\/senat.cm\/index.php?rest_route=%2Fwp%2Fv2%2Ftags&post=2723"},{"taxonomy":"post_folder","embeddable":true,"href":"https:\/\/senat.cm\/index.php?rest_route=%2Fwp%2Fv2%2Fpost_folder&post=2723"}],"curies":[{"name":"wp","href":"https:\/\/api.w.org\/{rel}","templated":true}]}}