{"id":2743,"date":"2024-05-28T16:00:00","date_gmt":"2024-05-28T15:00:00","guid":{"rendered":"https:\/\/senat.cm\/?p=2743"},"modified":"2024-06-02T22:02:38","modified_gmt":"2024-06-02T21:02:38","slug":"la-30eme-assemblee-parlementaire-de-la-francophonie-region-afrique-souvre-au-palais-de-congres-de-yaounde","status":"publish","type":"post","link":"https:\/\/senat.cm\/?p=2743","title":{"rendered":"La 30\u00e8me Assembl\u00e9e Parlementaire de la Francophonie R\u00e9gion Afrique, s&#8217;ouvre au Palais de Congr\u00e8s de Yaound\u00e9."},"content":{"rendered":"\n<p>Sous la pr\u00e9sidence du pr\u00e9sident de l&#8217;assembl\u00e9e nationale CAVAYE YEGUIE Djibril, et du Premier vice-pr\u00e9sident du S\u00e9nat ABOUBAKARY ABDOULAYE, repr\u00e9sentant le Pr\u00e9sident du S\u00e9nat, la 30\u00e8me Assembl\u00e9e, R\u00e9gion Afrique, de la Francophonie s&#8217;est ouvert au centre de conf\u00e9rence de Yaound\u00e9, sur les th\u00e8mes : la diplomatie parlementaire, quoi le b\u00e9n\u00e9fice des membres de la Francophonie et le dialogue politique et le fonctionnement des institutions \u00e9tatiques.<\/p>\n\n\n\n<p>Au total, 20 d\u00e9l\u00e9gations compos\u00e9es de plus de 150 participants des pays membres de L&#8217;APF, \u00e9taient bien pr\u00e9sentes lors de la c\u00e9r\u00e9monie d&#8217;ouverture au palais de congr\u00e8s ce matin.<\/p>\n\n\n\n<p>Dans son discours d&#8217;ouverture le Tr\u00e8s Honorable CAVAYE YEGUIE Djibril, a donn\u00e9 un bilan positif du r\u00f4le indispensable que le Cameroun joue en tant que membre de L&#8217;APF, et a \u00e9galement d\u00e9velopp\u00e9 les prosp\u00e8res d\u00e9mocratiques faites par le pr\u00e9sident camerounais HE Paul Biya dans l&#8217;organisation des pourparlers tripartites et le grand national dialogue pour maintenir la paix et la stabilit\u00e9 dans le pays. Il a \u00e9galement amplifi\u00e9 les efforts d\u00e9ploy\u00e9s pour mettre en place des institutions d\u00e9mocratiques pour la bonne gouvernance, comme l&#8217;\u00e9mergence du Conseil constitutionnel et du S\u00e9nat en particulier qui donne \u00e0 la nation une structure bicam\u00e9rale.<\/p>\n\n\n\n<p>De son c\u00f4t\u00e9, le pr\u00e9sident de l&#8217;Assembl\u00e9e parlementaire de la Francophonie, l&#8217;honorable Francis DROUIN du Canada, a salu\u00e9 les efforts d\u00e9ploy\u00e9s par certaines nations africaines pour promouvoir la paix, l&#8217;unit\u00e9 et la d\u00e9mocratie. Il a exhort\u00e9 les pays membres de L&#8221;APF \u00e0 consid\u00e9rer la paix et le dialogue comme des principes directeurs, et il a aussi lou\u00e9 le Cameroun pour sa diversit\u00e9 culturelle et son engagement en tant que membre fervent de L&#8221;APF.<\/p>\n\n\n\n<p>Ce fut un v\u00e9ritable spectacle car certains membres du S\u00e9nat, en particulier les s\u00e9nateurs Pierrette Hayatou, Pierre Flambeau Ngayap, \u00c9tame Massoma et Obam Assam ont tous salu\u00e9 l&#8217;ouverture formidable de la 30\u00e8me Assembl\u00e9e r\u00e9gionale de L&#8221;APF,<\/p>\n\n\n\n<p>Pendant ce temps, les d\u00e9l\u00e9gations pr\u00e9sentes continuent de travailler.<\/p>\n\n\n\n<p>L&#8217;ouverture qui a \u00e9t\u00e9 couronn\u00e9e d&#8217;une photo de famille a \u00e9t\u00e9 assist\u00e9e par d&#8217;importants dignitaires d&#8217;\u00c9tat, notamment le Premier ministre, chef du gouvernement Joseph Dion Ngute, et des membres du gouvernement, ainsi que des membres du corps diplomatique entre autres.<\/p>\n\n\n\n<figure class=\"wp-block-image size-full\"><img loading=\"lazy\" decoding=\"async\" width=\"945\" height=\"779\" src=\"https:\/\/senat.cm\/wp-content\/uploads\/2024\/06\/APF-1.jpg\" alt=\"\" class=\"wp-image-2745\" srcset=\"https:\/\/senat.cm\/wp-content\/uploads\/2024\/06\/APF-1.jpg 945w, https:\/\/senat.cm\/wp-content\/uploads\/2024\/06\/APF-1-300x247.jpg 300w, https:\/\/senat.cm\/wp-content\/uploads\/2024\/06\/APF-1-768x633.jpg 768w, https:\/\/senat.cm\/wp-content\/uploads\/2024\/06\/APF-1-120x100.jpg 120w\" sizes=\"auto, (max-width: 945px) 100vw, 945px\" \/><\/figure>\n\n\n\n<figure class=\"wp-block-image size-full\"><img loading=\"lazy\" decoding=\"async\" width=\"945\" height=\"580\" src=\"https:\/\/senat.cm\/wp-content\/uploads\/2024\/06\/parlementaires.jpg\" alt=\"\" class=\"wp-image-2746\" srcset=\"https:\/\/senat.cm\/wp-content\/uploads\/2024\/06\/parlementaires.jpg 945w, https:\/\/senat.cm\/wp-content\/uploads\/2024\/06\/parlementaires-300x184.jpg 300w, https:\/\/senat.cm\/wp-content\/uploads\/2024\/06\/parlementaires-768x471.jpg 768w\" sizes=\"auto, (max-width: 945px) 100vw, 945px\" \/><\/figure>\n","protected":false},"excerpt":{"rendered":"<p>Sous la pr\u00e9sidence du pr\u00e9sident de l&#8217;assembl\u00e9e nationale CAVAYE YEGUIE Djibril, et du Premier vice-pr\u00e9sident du S\u00e9nat ABOUBAKARY ABDOULAYE, repr\u00e9sentant le Pr\u00e9sident du S\u00e9nat, la 30\u00e8me Assembl\u00e9e, R\u00e9gion Afrique, de la Francophonie s&#8217;est ouvert au centre de conf\u00e9rence de Yaound\u00e9, sur les th\u00e8mes : la diplomatie parlementaire, quoi le b\u00e9n\u00e9fice des membres de la Francophonie [&hellip;]<\/p>\n","protected":false},"author":2,"featured_media":2744,"comment_status":"open","ping_status":"open","sticky":false,"template":"","format":"standard","meta":{"_monsterinsights_skip_tracking":false,"_monsterinsights_sitenote_active":false,"_monsterinsights_sitenote_note":"","_monsterinsights_sitenote_category":0,"footnotes":""},"categories":[1],"tags":[422,426,214],"post_folder":[],"class_list":["post-2743","post","type-post","status-publish","format-standard","has-post-thumbnail","hentry","category-non-classe","tag-apf","tag-francophonie","tag-senat-du-cameroun"],"_links":{"self":[{"href":"https:\/\/senat.cm\/index.php?rest_route=\/wp\/v2\/posts\/2743","targetHints":{"allow":["GET"]}}],"collection":[{"href":"https:\/\/senat.cm\/index.php?rest_route=\/wp\/v2\/posts"}],"about":[{"href":"https:\/\/senat.cm\/index.php?rest_route=\/wp\/v2\/types\/post"}],"author":[{"embeddable":true,"href":"https:\/\/senat.cm\/index.php?rest_route=\/wp\/v2\/users\/2"}],"replies":[{"embeddable":true,"href":"https:\/\/senat.cm\/index.php?rest_route=%2Fwp%2Fv2%2Fcomments&post=2743"}],"version-history":[{"count":2,"href":"https:\/\/senat.cm\/index.php?rest_route=\/wp\/v2\/posts\/2743\/revisions"}],"predecessor-version":[{"id":2748,"href":"https:\/\/senat.cm\/index.php?rest_route=\/wp\/v2\/posts\/2743\/revisions\/2748"}],"wp:featuredmedia":[{"embeddable":true,"href":"https:\/\/senat.cm\/index.php?rest_route=\/wp\/v2\/media\/2744"}],"wp:attachment":[{"href":"https:\/\/senat.cm\/index.php?rest_route=%2Fwp%2Fv2%2Fmedia&parent=2743"}],"wp:term":[{"taxonomy":"category","embeddable":true,"href":"https:\/\/senat.cm\/index.php?rest_route=%2Fwp%2Fv2%2Fcategories&post=2743"},{"taxonomy":"post_tag","embeddable":true,"href":"https:\/\/senat.cm\/index.php?rest_route=%2Fwp%2Fv2%2Ftags&post=2743"},{"taxonomy":"post_folder","embeddable":true,"href":"https:\/\/senat.cm\/index.php?rest_route=%2Fwp%2Fv2%2Fpost_folder&post=2743"}],"curies":[{"name":"wp","href":"https:\/\/api.w.org\/{rel}","templated":true}]}}