{"id":2765,"date":"2024-06-12T09:00:00","date_gmt":"2024-06-12T08:00:00","guid":{"rendered":"https:\/\/senat.cm\/?p=2765"},"modified":"2024-06-18T13:08:40","modified_gmt":"2024-06-18T12:08:40","slug":"session-ordinaire-de-juin-2024","status":"publish","type":"post","link":"https:\/\/senat.cm\/?p=2765","title":{"rendered":"Session Ordinaire de Juin 2024"},"content":{"rendered":"\n<h2 class=\"wp-block-heading\"><strong>Marcel NIAT NJIFENJI appel au respect et \u00e0 la d\u00e9fense de l&#8217;Unit\u00e9 Nationale du Cameroun.<\/strong><\/h2>\n\n\n\n<h2 class=\"wp-block-heading\">C&#8217;\u00e9tait \u00e0 l&#8217;occasion de son discours lors de la c\u00e9r\u00e9monie d&#8217;ouverture de la deuxi\u00e8me Session Ordinaire de l&#8217;ann\u00e9e l\u00e9gislative 2024 ce mardi 11 juin 2024 au Palais des Congr\u00e8s de Yaound\u00e9.<\/h2>\n\n\n\n<p>&#8220;L&#8217;unit\u00e9 nationale repose sur notre h\u00e9ritage \u00e0 la fois commun et existentiel dont les valeurs fondamentales prennent racine dans le respect de la loi, de l&#8217;autorit\u00e9 de l&#8217;\u00c9tat, des Institutions et de la diversit\u00e9, de la tol\u00e9rance, de l&#8217;\u00e9quit\u00e9, de la justice sociale et dans le rejet de toutes formes de violence&#8221;, a martel\u00e9 le Pr\u00e9sident du S\u00e9nat. Il en a profit\u00e9 pour d\u00e9noncer et condamner les discours de haine et de division prof\u00e9r\u00e9s dans les r\u00e9seaux sociaux, mais aussi condamner le r\u00e9cent attaque terroriste perp\u00e9tr\u00e9 dans l&#8217;arrondissement de Belo, R\u00e9gion du Nord-Ouest, le 20 mai, jour de la c\u00e9l\u00e9bration de l&#8217;Unit\u00e9 Nationale.<br>Marcel NIAT NJIFENJI n&#8217;est pas rest\u00e9 en marge de l&#8217;actualit\u00e9 au Cameroun en appelant les acteurs du Football \u00e0 la pond\u00e9ration au dialogue car le football doit rest\u00e9 un bastion de fiert\u00e9 qu&#8217;il a toujours \u00e9t\u00e9 pour le Cameroun, apr\u00e8s avoir saluer la grande victoire diplomatique que vient de remporter le Cameroun \u00e0 travers l&#8217;\u00e9lection de l&#8217;ancien Premier Ministre Yang Phil\u00e9mon comme Pr\u00e9sident de la 79e Assembl\u00e9e G\u00e9n\u00e9rale des Nations Unies, Marcel NIAT NJIFENJI comme de coutume a engag\u00e9 le S\u00e9nat sous sa responsabilit\u00e9 \u00e0 travailler comme les pr\u00e9c\u00e9dentes sessions \u00e0 d\u00e9fendre l&#8217;int\u00e9r\u00eat des populations.<\/p>\n\n\n\n<p>Il a tenu \u00e9galement \u00e0 rassurer les s\u00e9nateurs sur le fonctionnement actuel du S\u00e9nat, <strong>&#8220;Je tenais \u00e0 faire ce discours pour dire que je suis l\u00e0. Des choses se disent mais je suis toujours l\u00e0. Je voudrais rassurer les S\u00e9nateurs que les valeurs morales et l&#8217;\u00e9thique seront pr\u00e9serv\u00e9es. La maladie passera mais le Cameroun restera&#8221; <\/strong><\/p>\n\n\n\n<figure class=\"wp-block-image size-full\"><img loading=\"lazy\" decoding=\"async\" width=\"920\" height=\"614\" src=\"https:\/\/senat.cm\/wp-content\/uploads\/2024\/06\/sga-florence.jpg\" alt=\"\" class=\"wp-image-2767\" srcset=\"https:\/\/senat.cm\/wp-content\/uploads\/2024\/06\/sga-florence.jpg 920w, https:\/\/senat.cm\/wp-content\/uploads\/2024\/06\/sga-florence-300x200.jpg 300w, https:\/\/senat.cm\/wp-content\/uploads\/2024\/06\/sga-florence-768x513.jpg 768w\" sizes=\"auto, (max-width: 920px) 100vw, 920px\" \/><\/figure>\n\n\n\n<figure class=\"wp-block-image size-full\"><img loading=\"lazy\" decoding=\"async\" width=\"945\" height=\"646\" src=\"https:\/\/senat.cm\/wp-content\/uploads\/2024\/06\/sen-otte.jpg\" alt=\"\" class=\"wp-image-2768\" srcset=\"https:\/\/senat.cm\/wp-content\/uploads\/2024\/06\/sen-otte.jpg 945w, https:\/\/senat.cm\/wp-content\/uploads\/2024\/06\/sen-otte-300x205.jpg 300w, https:\/\/senat.cm\/wp-content\/uploads\/2024\/06\/sen-otte-768x525.jpg 768w\" sizes=\"auto, (max-width: 945px) 100vw, 945px\" \/><\/figure>\n","protected":false},"excerpt":{"rendered":"<p>Marcel NIAT NJIFENJI appel au respect et \u00e0 la d\u00e9fense de l&#8217;Unit\u00e9 Nationale du Cameroun. C&#8217;\u00e9tait \u00e0 l&#8217;occasion de son discours lors de la c\u00e9r\u00e9monie d&#8217;ouverture de la deuxi\u00e8me Session Ordinaire de l&#8217;ann\u00e9e l\u00e9gislative 2024 ce mardi 11 juin 2024 au Palais des Congr\u00e8s de Yaound\u00e9. &#8220;L&#8217;unit\u00e9 nationale repose sur notre h\u00e9ritage \u00e0 la fois [&hellip;]<\/p>\n","protected":false},"author":2,"featured_media":2766,"comment_status":"open","ping_status":"open","sticky":false,"template":"","format":"standard","meta":{"_monsterinsights_skip_tracking":false,"_monsterinsights_sitenote_active":false,"_monsterinsights_sitenote_note":"","_monsterinsights_sitenote_category":0,"footnotes":""},"categories":[1],"tags":[282,370,210],"post_folder":[],"class_list":["post-2765","post","type-post","status-publish","format-standard","has-post-thumbnail","hentry","category-non-classe","tag-president-du-senat","tag-senateurs","tag-session-ordinaire"],"_links":{"self":[{"href":"https:\/\/senat.cm\/index.php?rest_route=\/wp\/v2\/posts\/2765","targetHints":{"allow":["GET"]}}],"collection":[{"href":"https:\/\/senat.cm\/index.php?rest_route=\/wp\/v2\/posts"}],"about":[{"href":"https:\/\/senat.cm\/index.php?rest_route=\/wp\/v2\/types\/post"}],"author":[{"embeddable":true,"href":"https:\/\/senat.cm\/index.php?rest_route=\/wp\/v2\/users\/2"}],"replies":[{"embeddable":true,"href":"https:\/\/senat.cm\/index.php?rest_route=%2Fwp%2Fv2%2Fcomments&post=2765"}],"version-history":[{"count":4,"href":"https:\/\/senat.cm\/index.php?rest_route=\/wp\/v2\/posts\/2765\/revisions"}],"predecessor-version":[{"id":2772,"href":"https:\/\/senat.cm\/index.php?rest_route=\/wp\/v2\/posts\/2765\/revisions\/2772"}],"wp:featuredmedia":[{"embeddable":true,"href":"https:\/\/senat.cm\/index.php?rest_route=\/wp\/v2\/media\/2766"}],"wp:attachment":[{"href":"https:\/\/senat.cm\/index.php?rest_route=%2Fwp%2Fv2%2Fmedia&parent=2765"}],"wp:term":[{"taxonomy":"category","embeddable":true,"href":"https:\/\/senat.cm\/index.php?rest_route=%2Fwp%2Fv2%2Fcategories&post=2765"},{"taxonomy":"post_tag","embeddable":true,"href":"https:\/\/senat.cm\/index.php?rest_route=%2Fwp%2Fv2%2Ftags&post=2765"},{"taxonomy":"post_folder","embeddable":true,"href":"https:\/\/senat.cm\/index.php?rest_route=%2Fwp%2Fv2%2Fpost_folder&post=2765"}],"curies":[{"name":"wp","href":"https:\/\/api.w.org\/{rel}","templated":true}]}}