{"id":2773,"date":"2024-06-12T18:30:00","date_gmt":"2024-06-12T17:30:00","guid":{"rendered":"https:\/\/senat.cm\/?p=2773"},"modified":"2024-06-18T14:29:34","modified_gmt":"2024-06-18T13:29:34","slug":"6-projets-de-loi-recu-de-la-presidence-de-la-republique","status":"publish","type":"post","link":"https:\/\/senat.cm\/?p=2773","title":{"rendered":"6 projets de loi re\u00e7us de la Pr\u00e9sidence de la R\u00e9publique"},"content":{"rendered":"\n<h2 class=\"wp-block-heading\">C&#8217;\u00e9tait au cours d&#8217;une S\u00e9ance pl\u00e9ni\u00e8re de communication de textes pr\u00e9sid\u00e9e par SM ABOUBAKARY ABDOULAYE, Premier Vice-Pr\u00e9sident du S\u00e9nat.<\/h2>\n\n\n\n<p>Jug\u00e9s recevables par la Conf\u00e9rence des pr\u00e9sidents, les 6 textes ont \u00e9t\u00e9 communiqu\u00e9s le mercredi 12 juin 2024 jour aux S\u00e9nateurs. il s&#8217;agit des projets de loi r\u00e9gissant les archives du Cameroun qui sera d\u00e9fendu par le ministre des Arts et de la Culture; celui autorisant le Pr\u00e9sident de la R\u00e9publique \u00e0 Ratifier l&#8217;Accord sur le Transport a\u00e9rien entre le gouvernement de la R\u00e9publique du Cameroun et le gouvernement du Canada, sign\u00e9 le 1er juin 2022 \u00e0 Yaound\u00e9, d\u00e9fendu par le Ministre des Relations Ext\u00e9rieurs assist\u00e9 par le Ministre du Transport. Egalement les ratifications portant sur l&#8217;accord de partenariat entre l&#8217;Union Europ\u00e9enne et les membres de l&#8217;Organisation des Etats d&#8217;Afrique, des Cara\u00efbes et du Pacifique ( OEACP) du 15 Novembre 2023 sign\u00e9 \u00e0 SAMOA; l&#8217;adh\u00e9sion du Cameroun \u00e0 l&#8217;Organisation Mondiale de la Propri\u00e9t\u00e9 Intellectuelle (OMPI), et l&#8217;adh\u00e9sion au trait\u00e9 de l&#8217;OMPI sur les phonographes, et l&#8217;adh\u00e9sion pour la protection des phonographes et des organismes de radiodiffusion.<\/p>\n\n\n\n<figure class=\"wp-block-image size-full\"><img loading=\"lazy\" decoding=\"async\" width=\"941\" height=\"627\" src=\"https:\/\/senat.cm\/wp-content\/uploads\/2024\/06\/1er-vice.jpg\" alt=\"\" class=\"wp-image-2775\" srcset=\"https:\/\/senat.cm\/wp-content\/uploads\/2024\/06\/1er-vice.jpg 941w, https:\/\/senat.cm\/wp-content\/uploads\/2024\/06\/1er-vice-300x200.jpg 300w, https:\/\/senat.cm\/wp-content\/uploads\/2024\/06\/1er-vice-768x512.jpg 768w\" sizes=\"auto, (max-width: 941px) 100vw, 941px\" \/><\/figure>\n\n\n\n<figure class=\"wp-block-image size-full\"><img loading=\"lazy\" decoding=\"async\" width=\"945\" height=\"624\" src=\"https:\/\/senat.cm\/wp-content\/uploads\/2024\/06\/femmes-sen.jpg\" alt=\"\" class=\"wp-image-2776\" srcset=\"https:\/\/senat.cm\/wp-content\/uploads\/2024\/06\/femmes-sen.jpg 945w, https:\/\/senat.cm\/wp-content\/uploads\/2024\/06\/femmes-sen-300x198.jpg 300w, https:\/\/senat.cm\/wp-content\/uploads\/2024\/06\/femmes-sen-768x507.jpg 768w\" sizes=\"auto, (max-width: 945px) 100vw, 945px\" \/><\/figure>\n","protected":false},"excerpt":{"rendered":"<p>C&#8217;\u00e9tait au cours d&#8217;une S\u00e9ance pl\u00e9ni\u00e8re de communication de textes pr\u00e9sid\u00e9e par SM ABOUBAKARY ABDOULAYE, Premier Vice-Pr\u00e9sident du S\u00e9nat. Jug\u00e9s recevables par la Conf\u00e9rence des pr\u00e9sidents, les 6 textes ont \u00e9t\u00e9 communiqu\u00e9s le mercredi 12 juin 2024 jour aux S\u00e9nateurs. il s&#8217;agit des projets de loi r\u00e9gissant les archives du Cameroun qui sera d\u00e9fendu par [&hellip;]<\/p>\n","protected":false},"author":2,"featured_media":2774,"comment_status":"open","ping_status":"open","sticky":false,"template":"","format":"standard","meta":{"_monsterinsights_skip_tracking":false,"_monsterinsights_sitenote_active":false,"_monsterinsights_sitenote_note":"","_monsterinsights_sitenote_category":0,"footnotes":""},"categories":[1],"tags":[406,438,436],"post_folder":[],"class_list":["post-2773","post","type-post","status-publish","format-standard","has-post-thumbnail","hentry","category-non-classe","tag-1er-vice-president-du-senat","tag-communication-de-texte","tag-seance-pleniere"],"_links":{"self":[{"href":"https:\/\/senat.cm\/index.php?rest_route=\/wp\/v2\/posts\/2773","targetHints":{"allow":["GET"]}}],"collection":[{"href":"https:\/\/senat.cm\/index.php?rest_route=\/wp\/v2\/posts"}],"about":[{"href":"https:\/\/senat.cm\/index.php?rest_route=\/wp\/v2\/types\/post"}],"author":[{"embeddable":true,"href":"https:\/\/senat.cm\/index.php?rest_route=\/wp\/v2\/users\/2"}],"replies":[{"embeddable":true,"href":"https:\/\/senat.cm\/index.php?rest_route=%2Fwp%2Fv2%2Fcomments&post=2773"}],"version-history":[{"count":2,"href":"https:\/\/senat.cm\/index.php?rest_route=\/wp\/v2\/posts\/2773\/revisions"}],"predecessor-version":[{"id":2778,"href":"https:\/\/senat.cm\/index.php?rest_route=\/wp\/v2\/posts\/2773\/revisions\/2778"}],"wp:featuredmedia":[{"embeddable":true,"href":"https:\/\/senat.cm\/index.php?rest_route=\/wp\/v2\/media\/2774"}],"wp:attachment":[{"href":"https:\/\/senat.cm\/index.php?rest_route=%2Fwp%2Fv2%2Fmedia&parent=2773"}],"wp:term":[{"taxonomy":"category","embeddable":true,"href":"https:\/\/senat.cm\/index.php?rest_route=%2Fwp%2Fv2%2Fcategories&post=2773"},{"taxonomy":"post_tag","embeddable":true,"href":"https:\/\/senat.cm\/index.php?rest_route=%2Fwp%2Fv2%2Ftags&post=2773"},{"taxonomy":"post_folder","embeddable":true,"href":"https:\/\/senat.cm\/index.php?rest_route=%2Fwp%2Fv2%2Fpost_folder&post=2773"}],"curies":[{"name":"wp","href":"https:\/\/api.w.org\/{rel}","templated":true}]}}