{"id":2803,"date":"2024-10-03T18:00:00","date_gmt":"2024-10-03T17:00:00","guid":{"rendered":"https:\/\/senat.cm\/?p=2803"},"modified":"2024-10-15T18:17:55","modified_gmt":"2024-10-15T17:17:55","slug":"une-delegation-de-loms-au-senat","status":"publish","type":"post","link":"https:\/\/senat.cm\/?p=2803","title":{"rendered":"Une d\u00e9l\u00e9gation de l\u2019OMS au S\u00e9nat"},"content":{"rendered":"\n<h2 class=\"wp-block-heading\">Conduite par son Directeur G\u00e9n\u00e9ral adjoint, elle a \u00e9t\u00e9 re\u00e7u par le Vice-Pr\u00e9sident Robert Nkili, au nom du Pr\u00e9sident du S\u00e9nat.<\/h2>\n\n\n\n<p>Le Dr.Chikwe Ihekweazu, Directeur G\u00e9n\u00e9ral Adjoint de l\u2019Organisation Mondiale de la Sant\u00e9 (OMS), accompagn\u00e9 d\u2019une d\u00e9l\u00e9gation de hauts responsables de cette institution ont \u00e9t\u00e9 re\u00e7us en audience le 3 Octobre 2024.<\/p>\n\n\n\n<p>Celle-ci avait pour principaux points, discuter des priorit\u00e9s strat\u00e9giques en mati\u00e8re de s\u00e9curit\u00e9 sanitaire au Cameroun en mettant l\u2019accent sur les enjeux cruciaux de gouvernance, de syst\u00e8mes et de financements. Mais aussi d\u2019obtenir du S\u00e9nat son soutien pour la poursuite du processus de la Universal Health and Preparedness Review ( UHPR), ainsi que la mise en \u0153uvre des priorit\u00e9s identifi\u00e9s dans le projet de rapport national du UHPR.<\/p>\n\n\n\n<p>Cette visite \u00e0 la Chambre Haute intervient alors que la d\u00e9l\u00e9gation est en mission au Cameroun dans le cadre de l\u2019examen universel de la sant\u00e9 et de la pr\u00e9paration, et en vue d\u2019am\u00e9liorer sa pr\u00e9paration et sa r\u00e9ponse aux urgences de la sant\u00e9 publique pour l\u2019atteinte de la couverture sant\u00e9 universelle.<\/p>\n\n\n\n<p>Le Vice- Pr\u00e9sident Robert Nkili \u00e9tait \u00e9galement assist\u00e9 pour l\u2019occasion du S\u00e9nateur Eno Emma Lafon Veryelle, pr\u00e9sidente de la Commission des affaires culturelles, sociales et familiales qui s\u2019occupe des sujets de sant\u00e9 publique; du Secr\u00e9taire G\u00e9n\u00e9ral Adjoint Florence Awassom et du Conseiller Technique au cabinet du pr\u00e9sident du s\u00e9nat, L\u00e9opold Ngane.<\/p>\n\n\n\n<figure class=\"wp-block-image size-full\"><img loading=\"lazy\" decoding=\"async\" width=\"945\" height=\"625\" src=\"https:\/\/senat.cm\/wp-content\/uploads\/2024\/10\/entretien.jpg\" alt=\"\" class=\"wp-image-2805\" srcset=\"https:\/\/senat.cm\/wp-content\/uploads\/2024\/10\/entretien.jpg 945w, https:\/\/senat.cm\/wp-content\/uploads\/2024\/10\/entretien-300x198.jpg 300w, https:\/\/senat.cm\/wp-content\/uploads\/2024\/10\/entretien-768x508.jpg 768w\" sizes=\"auto, (max-width: 945px) 100vw, 945px\" \/><\/figure>\n\n\n\n<figure class=\"wp-block-image size-full\"><img loading=\"lazy\" decoding=\"async\" width=\"945\" height=\"629\" src=\"https:\/\/senat.cm\/wp-content\/uploads\/2024\/10\/huit-clos.jpg\" alt=\"\" class=\"wp-image-2806\" srcset=\"https:\/\/senat.cm\/wp-content\/uploads\/2024\/10\/huit-clos.jpg 945w, https:\/\/senat.cm\/wp-content\/uploads\/2024\/10\/huit-clos-300x200.jpg 300w, https:\/\/senat.cm\/wp-content\/uploads\/2024\/10\/huit-clos-768x511.jpg 768w\" sizes=\"auto, (max-width: 945px) 100vw, 945px\" \/><\/figure>\n","protected":false},"excerpt":{"rendered":"<p>Conduite par son Directeur G\u00e9n\u00e9ral adjoint, elle a \u00e9t\u00e9 re\u00e7u par le Vice-Pr\u00e9sident Robert Nkili, au nom du Pr\u00e9sident du S\u00e9nat. Le Dr.Chikwe Ihekweazu, Directeur G\u00e9n\u00e9ral Adjoint de l\u2019Organisation Mondiale de la Sant\u00e9 (OMS), accompagn\u00e9 d\u2019une d\u00e9l\u00e9gation de hauts responsables de cette institution ont \u00e9t\u00e9 re\u00e7us en audience le 3 Octobre 2024. Celle-ci avait pour [&hellip;]<\/p>\n","protected":false},"author":2,"featured_media":2804,"comment_status":"open","ping_status":"open","sticky":false,"template":"","format":"standard","meta":{"_monsterinsights_skip_tracking":false,"_monsterinsights_sitenote_active":false,"_monsterinsights_sitenote_note":"","_monsterinsights_sitenote_category":0,"footnotes":""},"categories":[1],"tags":[],"post_folder":[],"class_list":["post-2803","post","type-post","status-publish","format-standard","has-post-thumbnail","hentry","category-non-classe"],"_links":{"self":[{"href":"https:\/\/senat.cm\/index.php?rest_route=\/wp\/v2\/posts\/2803","targetHints":{"allow":["GET"]}}],"collection":[{"href":"https:\/\/senat.cm\/index.php?rest_route=\/wp\/v2\/posts"}],"about":[{"href":"https:\/\/senat.cm\/index.php?rest_route=\/wp\/v2\/types\/post"}],"author":[{"embeddable":true,"href":"https:\/\/senat.cm\/index.php?rest_route=\/wp\/v2\/users\/2"}],"replies":[{"embeddable":true,"href":"https:\/\/senat.cm\/index.php?rest_route=%2Fwp%2Fv2%2Fcomments&post=2803"}],"version-history":[{"count":1,"href":"https:\/\/senat.cm\/index.php?rest_route=\/wp\/v2\/posts\/2803\/revisions"}],"predecessor-version":[{"id":2807,"href":"https:\/\/senat.cm\/index.php?rest_route=\/wp\/v2\/posts\/2803\/revisions\/2807"}],"wp:featuredmedia":[{"embeddable":true,"href":"https:\/\/senat.cm\/index.php?rest_route=\/wp\/v2\/media\/2804"}],"wp:attachment":[{"href":"https:\/\/senat.cm\/index.php?rest_route=%2Fwp%2Fv2%2Fmedia&parent=2803"}],"wp:term":[{"taxonomy":"category","embeddable":true,"href":"https:\/\/senat.cm\/index.php?rest_route=%2Fwp%2Fv2%2Fcategories&post=2803"},{"taxonomy":"post_tag","embeddable":true,"href":"https:\/\/senat.cm\/index.php?rest_route=%2Fwp%2Fv2%2Ftags&post=2803"},{"taxonomy":"post_folder","embeddable":true,"href":"https:\/\/senat.cm\/index.php?rest_route=%2Fwp%2Fv2%2Fpost_folder&post=2803"}],"curies":[{"name":"wp","href":"https:\/\/api.w.org\/{rel}","templated":true}]}}