{"id":2813,"date":"2024-11-12T18:15:00","date_gmt":"2024-11-12T17:15:00","guid":{"rendered":"https:\/\/senat.cm\/?p=2813"},"modified":"2024-11-15T09:51:43","modified_gmt":"2024-11-15T08:51:43","slug":"session-ordinaire-de-novembre-2024-le-senat-fait-sa-rentree","status":"publish","type":"post","link":"https:\/\/senat.cm\/?p=2813","title":{"rendered":"Session ordinaire de novembre 2024, le S\u00e9nat fait sa rentr\u00e9e."},"content":{"rendered":"\n<p>Dans son discours d&#8217;ouverture au nom du Pr\u00e9sident du S\u00e9nat Marcel NIAT NJIFENJI, le Premier Vice Pr\u00e9sident\u00a0 ABOUBAKARY ABDOULAYE a plant\u00e9 le d\u00e9cor de cette session qui s&#8217;ouvre. Session\u00a0 traditionnellement consacr\u00e9e \u00e0 l&#8217;examen et au vote de la loi des finances.<\/p>\n\n\n\n<p>Des travaux qui\u00a0 se tiendront dans un contexte de crise diverse au plan mondial\u00a0 et qui ont affaibli la capacit\u00e9 des Gouvernements \u00e0 r\u00e9pondre de mani\u00e8re satisfaisante aux attentes et besoins des populations. ABOUBAKARY ABDOULAYE a tout aussi relev\u00e9 les r\u00e9ponses cr\u00e9dibles et efficaces qui doivent \u00eatre apport\u00e9es aux questions li\u00e9es \u00e0 la s\u00e9curit\u00e9, l&#8217;\u00e9ducation, la sant\u00e9 et au pouvoir d&#8217;achat des camerounais.<\/p>\n\n\n\n<p>Les efforts du gouvernement sont \u00e0 encourager et doivent \u00eatre poursuivies notament l&#8217;assainissement des comptes publics et fiscale, la baisse de l&#8217;inflation qui demeure \u00e9lev\u00e9e. L&#8217;acc\u00e8s \u00e0 l&#8217;eau potable, la qualit\u00e9 des&nbsp; r\u00e9seaux et infrastructures communication, l&#8217;insalubrit\u00e9, la pr\u00e9servation du domaine de l&#8217;\u00c9tat et la maintenance des infrastructures \u00e9conomiques.<\/p>\n\n\n\n<p>Mais avant, le premier du S\u00e9nat n&#8217;a pas manqu\u00e9\u00a0 de marqu\u00e9 une minute de silence \u00e0 la m\u00e9moire du s\u00e9nateur\u00a0 MBOFUNG Carl Moses de la r\u00e9gion du Nord-Ouest ainsi que des victimes des inondations\u00a0 ayant touch\u00e9 la localit\u00e9 de Yagoua dans l&#8217;Extr\u00eame Nord et de l&#8217;\u00e9boulement\u00a0 survenu \u00e0 la falaise de Dschang dans la r\u00e9gion de l&#8217;Ouest il y a quelques jours.<\/p>\n\n\n\n<p>Comme de tradition cette c\u00e9r\u00e9monie d&#8217;ouverture s&#8217;est d\u00e9roul\u00e9e en pr\u00e9sence des membres du gouvernement et du corps diplomatique accr\u00e9dit\u00e9 au Cameroun.<\/p>\n\n\n\n<p><\/p>\n","protected":false},"excerpt":{"rendered":"<p>Dans son discours d&#8217;ouverture au nom du Pr\u00e9sident du S\u00e9nat Marcel NIAT NJIFENJI, le Premier Vice Pr\u00e9sident\u00a0 ABOUBAKARY ABDOULAYE a plant\u00e9 le d\u00e9cor de cette session qui s&#8217;ouvre. Session\u00a0 traditionnellement consacr\u00e9e \u00e0 l&#8217;examen et au vote de la loi des finances. Des travaux qui\u00a0 se tiendront dans un contexte de crise diverse au plan mondial\u00a0 [&hellip;]<\/p>\n","protected":false},"author":2,"featured_media":0,"comment_status":"open","ping_status":"open","sticky":false,"template":"","format":"standard","meta":{"_monsterinsights_skip_tracking":false,"_monsterinsights_sitenote_active":false,"_monsterinsights_sitenote_note":"","_monsterinsights_sitenote_category":0,"footnotes":""},"categories":[1],"tags":[],"post_folder":[],"class_list":["post-2813","post","type-post","status-publish","format-standard","hentry","category-non-classe"],"_links":{"self":[{"href":"https:\/\/senat.cm\/index.php?rest_route=\/wp\/v2\/posts\/2813","targetHints":{"allow":["GET"]}}],"collection":[{"href":"https:\/\/senat.cm\/index.php?rest_route=\/wp\/v2\/posts"}],"about":[{"href":"https:\/\/senat.cm\/index.php?rest_route=\/wp\/v2\/types\/post"}],"author":[{"embeddable":true,"href":"https:\/\/senat.cm\/index.php?rest_route=\/wp\/v2\/users\/2"}],"replies":[{"embeddable":true,"href":"https:\/\/senat.cm\/index.php?rest_route=%2Fwp%2Fv2%2Fcomments&post=2813"}],"version-history":[{"count":1,"href":"https:\/\/senat.cm\/index.php?rest_route=\/wp\/v2\/posts\/2813\/revisions"}],"predecessor-version":[{"id":2814,"href":"https:\/\/senat.cm\/index.php?rest_route=\/wp\/v2\/posts\/2813\/revisions\/2814"}],"wp:attachment":[{"href":"https:\/\/senat.cm\/index.php?rest_route=%2Fwp%2Fv2%2Fmedia&parent=2813"}],"wp:term":[{"taxonomy":"category","embeddable":true,"href":"https:\/\/senat.cm\/index.php?rest_route=%2Fwp%2Fv2%2Fcategories&post=2813"},{"taxonomy":"post_tag","embeddable":true,"href":"https:\/\/senat.cm\/index.php?rest_route=%2Fwp%2Fv2%2Ftags&post=2813"},{"taxonomy":"post_folder","embeddable":true,"href":"https:\/\/senat.cm\/index.php?rest_route=%2Fwp%2Fv2%2Fpost_folder&post=2813"}],"curies":[{"name":"wp","href":"https:\/\/api.w.org\/{rel}","templated":true}]}}