{"id":2815,"date":"2024-11-14T15:00:00","date_gmt":"2024-11-14T14:00:00","guid":{"rendered":"https:\/\/senat.cm\/?p=2815"},"modified":"2024-11-15T10:25:11","modified_gmt":"2024-11-15T09:25:11","slug":"6-projets-de-lois-communiques","status":"publish","type":"post","link":"https:\/\/senat.cm\/?p=2815","title":{"rendered":"6 projets de lois communiqu\u00e9s"},"content":{"rendered":"\n<h2 class=\"wp-block-heading\">C\u2019\u00e9tait au cours de la s\u00e9ance pl\u00e9ni\u00e8re de communication de textes pr\u00e9sid\u00e9e par le Premier-Vice Pr\u00e9sident du S\u00e9nat, Aboubakary Abdoulaye, ce 14 novembre 2024.<\/h2>\n\n\n\n<p>Pas le temps pour les s\u00e9nateurs de se tourner les pouces apr\u00e8s l\u2019ouverture de cette session qui annonce d\u00e9j\u00e0 intense. Ils ont en effet re\u00e7u du Pr\u00e9sident de la R\u00e9publique ce jour, 6 projets de lois.<\/p>\n\n\n\n<p>Au pr\u00e9alable jug\u00e9s recevables par la conf\u00e9rence des pr\u00e9sidents, ils ont \u00e9t\u00e9 ensuite communiqu\u00e9s en chambre enti\u00e8re.<\/p>\n\n\n\n<p>Il s\u2019agit des projets de loi portant sur la fiscalit\u00e9 locale; celui portant organisation du syst\u00e8me d\u2019enregistrement des faits d\u2019\u00e9tat civil au Cameroun;\u00a0 celui relatif \u00e0 la protection des donn\u00e9es \u00e0 caract\u00e8re personnel au Cameroun et celui portant exercice et organisation de la m\u00e9decine traditionnelle au Cameroun. Deux ratifications ont \u00e9galement \u00e9t\u00e9 communiqu\u00e9s.  La ratification du trait\u00e9 de Beijing sur les interpr\u00e9tations et ex\u00e9cutions audiovisuelles; la ratification de la convention de l\u2019organisation de la coop\u00e9ration islamique pour combattre le terrorisme international, sign\u00e9e le 1er juillet 1999 \u00e0 Ouagadougou au Burkina Faso.\u00a0<\/p>\n\n\n\n<p>Ces projets de lois ont \u00e9t\u00e9 respectivement attribu\u00e9s \u00e0 diff\u00e9rentes commissions donc celle des finances et du budget, des Lois constitutionnelles, des droits de l&#8217;homme et des libert\u00e9s, de la justice, de la l\u00e9gislation et du r\u00e8glement, de l&#8217;administration et celle des affaires culturelles, sociales et familiales.<\/p>\n\n\n\n<p>Autre point \u00e0 l\u2019ordre du jour de cette journ\u00e9e, la communication des questions orales adress\u00e9es aux Ministres des travaux publics; \u00e0 celui des Mines et du D\u00e9veloppement Technologique; aux Ministres de la sant\u00e9 publique, des Finances et de l\u2019Economie de la Planification et de l\u2019Am\u00e9nagement du Territoire.<\/p>\n\n\n\n<figure class=\"wp-block-image size-large\"><img loading=\"lazy\" decoding=\"async\" width=\"768\" height=\"1024\" src=\"https:\/\/senat.cm\/wp-content\/uploads\/2024\/11\/5888792822067348512-768x1024.jpg\" alt=\"\" class=\"wp-image-2816\" srcset=\"https:\/\/senat.cm\/wp-content\/uploads\/2024\/11\/5888792822067348512-768x1024.jpg 768w, https:\/\/senat.cm\/wp-content\/uploads\/2024\/11\/5888792822067348512-225x300.jpg 225w, https:\/\/senat.cm\/wp-content\/uploads\/2024\/11\/5888792822067348512.jpg 960w\" sizes=\"auto, (max-width: 768px) 100vw, 768px\" \/><\/figure>\n","protected":false},"excerpt":{"rendered":"<p>C\u2019\u00e9tait au cours de la s\u00e9ance pl\u00e9ni\u00e8re de communication de textes pr\u00e9sid\u00e9e par le Premier-Vice Pr\u00e9sident du S\u00e9nat, Aboubakary Abdoulaye, ce 14 novembre 2024. Pas le temps pour les s\u00e9nateurs de se tourner les pouces apr\u00e8s l\u2019ouverture de cette session qui annonce d\u00e9j\u00e0 intense. Ils ont en effet re\u00e7u du Pr\u00e9sident de la R\u00e9publique ce [&hellip;]<\/p>\n","protected":false},"author":2,"featured_media":2817,"comment_status":"open","ping_status":"open","sticky":false,"template":"","format":"standard","meta":{"_monsterinsights_skip_tracking":false,"_monsterinsights_sitenote_active":false,"_monsterinsights_sitenote_note":"","_monsterinsights_sitenote_category":0,"footnotes":""},"categories":[2,4],"tags":[463,461],"post_folder":[],"class_list":["post-2815","post","type-post","status-publish","format-standard","has-post-thumbnail","hentry","category-senat-1","category-senateurs","tag-loi-portant-fiscalite-locale","tag-session-budgetaire"],"_links":{"self":[{"href":"https:\/\/senat.cm\/index.php?rest_route=\/wp\/v2\/posts\/2815","targetHints":{"allow":["GET"]}}],"collection":[{"href":"https:\/\/senat.cm\/index.php?rest_route=\/wp\/v2\/posts"}],"about":[{"href":"https:\/\/senat.cm\/index.php?rest_route=\/wp\/v2\/types\/post"}],"author":[{"embeddable":true,"href":"https:\/\/senat.cm\/index.php?rest_route=\/wp\/v2\/users\/2"}],"replies":[{"embeddable":true,"href":"https:\/\/senat.cm\/index.php?rest_route=%2Fwp%2Fv2%2Fcomments&post=2815"}],"version-history":[{"count":1,"href":"https:\/\/senat.cm\/index.php?rest_route=\/wp\/v2\/posts\/2815\/revisions"}],"predecessor-version":[{"id":2818,"href":"https:\/\/senat.cm\/index.php?rest_route=\/wp\/v2\/posts\/2815\/revisions\/2818"}],"wp:featuredmedia":[{"embeddable":true,"href":"https:\/\/senat.cm\/index.php?rest_route=\/wp\/v2\/media\/2817"}],"wp:attachment":[{"href":"https:\/\/senat.cm\/index.php?rest_route=%2Fwp%2Fv2%2Fmedia&parent=2815"}],"wp:term":[{"taxonomy":"category","embeddable":true,"href":"https:\/\/senat.cm\/index.php?rest_route=%2Fwp%2Fv2%2Fcategories&post=2815"},{"taxonomy":"post_tag","embeddable":true,"href":"https:\/\/senat.cm\/index.php?rest_route=%2Fwp%2Fv2%2Ftags&post=2815"},{"taxonomy":"post_folder","embeddable":true,"href":"https:\/\/senat.cm\/index.php?rest_route=%2Fwp%2Fv2%2Fpost_folder&post=2815"}],"curies":[{"name":"wp","href":"https:\/\/api.w.org\/{rel}","templated":true}]}}