{"id":2820,"date":"2024-11-19T17:30:00","date_gmt":"2024-11-19T16:30:00","guid":{"rendered":"https:\/\/senat.cm\/?p=2820"},"modified":"2025-04-07T13:52:48","modified_gmt":"2025-04-07T12:52:48","slug":"6-projets-de-lois-deposes-a-la-chambre-haute","status":"publish","type":"post","link":"https:\/\/senat.cm\/?p=2820","title":{"rendered":"6 Projets de lois d\u00e9pos\u00e9s \u00e0 la Chambre Haute."},"content":{"rendered":"\n<h2 class=\"wp-block-heading\">Re\u00e7us du Pr\u00e9sident de la R\u00e9publique les six textes ont fait l&#8217;objet d&#8217;examen par la Conf\u00e9rence des Pr\u00e9sidents et ont \u00e9t\u00e9 jug\u00e9s recevables au cours de la s\u00e9ance pr\u00e9sid\u00e9e par SM ABOUBAKARY ABDOULAYE, premier Vice-Pr\u00e9sident du S\u00e9nat.<\/h2>\n\n\n\n<p>Il s&#8217;agit du:<br>1- Projet de loi N\u00b0238 portant Il s&#8217;agit du:<br>1- Projet de loi N\u00b0238 portant Loi de r\u00e8glement de la R\u00e9publique du Cameroun. Transmis \u00e0 la Commission des Finances et du Budget, il sera pr\u00e9sent\u00e9 et d\u00e9fendu par le Ministre des Finances.<br>2- Le Projet de Loi N\u00b0239 r\u00e9gissant la Protection Civile au Cameroun. Transmis \u00e0 la Commission des Lois Constitutionnelles, il sera pr\u00e9sent\u00e9 et d\u00e9fendu par le Ministre de L&#8217;Administration Territoriale.<br>3- Le Projet de Loi N\u00b0240 autorisant le Pr\u00e9sident de la R\u00e9publique \u00e0 ratifier la convention portant cr\u00e9ation de l&#8217;organisation internationale pour les aides \u00e0 la navigation maritime. Il sera pr\u00e9sent\u00e9 et d\u00e9fendu par le Ministre des Transports assist\u00e9 du Ministre des Relations Ext\u00e9rieures .<br>4- Le Projet de loi N\u00b0241 autorisant le Pr\u00e9sident de la R\u00e9publique \u00e0 proc\u00e9der \u00e0 l&#8217;adh\u00e9sion du Cameroun \u00e0 l&#8217;acte de Gen\u00e8ve de l&#8217;arrangement de Lisbonne sur les appellations d&#8217;origine et les indications g\u00e9ographiques adopt\u00e9 \u00e0 Gen\u00e8ve le 20 mai 2015. Attribu\u00e9 \u00e0 la Commission des Affaires \u00c9trang\u00e8res, il sera d\u00e9fendu par le Ministre des Mines.<br>5- Le projet de Loi N\u00b0 242 autorisant de pr\u00e9sident de la R\u00e9publique \u00e0 ratifier l&#8217;accord de coop\u00e9ration en mati\u00e8re de police criminelle entre les \u00e9tats de l&#8217;Afrique centrale et de l&#8217;Afrique de l&#8217;Est. Il sera d\u00e9fendu par le Ministre de L&#8217;Administration Territoriale.<br>6- Le Projet de Loi N\u00b0243 regissant la p\u00eache et l&#8217;aquaculture. Il sera pr\u00e9sent\u00e9 et d\u00e9fendu par le Ministre de l&#8217;\u00e9levage, des p\u00eaches et des Industries Animales.<br>En outre, les questions orales pos\u00e9es par les S\u00e9nateurs, ont fait l&#8217;objet d&#8217;une communication. Elles sont adress\u00e9es \u00e0 4 membres du Gouvernemen<\/p>\n\n\n\n<p>. Transmis \u00e0 la Commission des Finances et du Budget, il sera pr\u00e9sent\u00e9 et d\u00e9fendu par le Ministre des Finances.<br>2- Le Projet de Loi N\u00b0239 r\u00e9gissant la Protection Civile au Cameroun. Transmis \u00e0 la Commission des Lois Constitutionnelles, il sera pr\u00e9sent\u00e9 et d\u00e9fendu par le Ministre de L&#8217;Administration Territoriale.<br>3- Le Projet de Loi N\u00b0240 autorisant le Pr\u00e9sident de la R\u00e9publique \u00e0 ratifier la convention portant cr\u00e9ation de l&#8217;organisation internationale pour les aides \u00e0 la navigation maritime. Il sera pr\u00e9sent\u00e9 et d\u00e9fendu par le Ministre des Transports assist\u00e9 du Ministre des Relations Ext\u00e9rieures .<br>4- Le Projet de loi N\u00b0241 autorisant le Pr\u00e9sident de la R\u00e9publique \u00e0 proc\u00e9der \u00e0 l&#8217;adh\u00e9sion du Cameroun \u00e0 l&#8217;acte de Gen\u00e8ve de l&#8217;arrangement de Lisbonne sur les appellations d&#8217;origine et les indications g\u00e9ographiques adopt\u00e9 \u00e0 Gen\u00e8ve le 20 mai 2015. Attribu\u00e9 \u00e0 la Commission des Affaires \u00c9trang\u00e8res, il sera d\u00e9fendu par le Ministre des Mines.<br>5- Le projet de Loi N\u00b0 242 autorisant de pr\u00e9sident de la R\u00e9publique \u00e0 ratifier l&#8217;accord de coop\u00e9ration en mati\u00e8re de police criminelle entre les \u00e9tats de l&#8217;Afrique centrale et de l&#8217;Afrique de l&#8217;Est. Il sera d\u00e9fendu par le Ministre de L&#8217;Administration Territoriale.<br>6- Le Projet de Loi N\u00b0243 r\u00e9gissant la p\u00eache et l&#8217;aquaculture. Il sera pr\u00e9sent\u00e9 et d\u00e9fendu par le Ministre de l&#8217;\u00e9levage, des p\u00eaches et des Industries Animales.<br>En outre, les questions orales pos\u00e9es par les S\u00e9nateurs \u00e0 4 membres du gouvernement, ont fait l&#8217;objet d&#8217;une communication.<\/p>\n\n\n\n\n\n<p><\/p>\n","protected":false},"excerpt":{"rendered":"<p>Re\u00e7us du Pr\u00e9sident de la R\u00e9publique les six textes ont fait l&#8217;objet d&#8217;examen par la Conf\u00e9rence des Pr\u00e9sidents et ont \u00e9t\u00e9 jug\u00e9s recevables au cours de la s\u00e9ance pr\u00e9sid\u00e9e par SM ABOUBAKARY ABDOULAYE, premier Vice-Pr\u00e9sident du S\u00e9nat. Il s&#8217;agit du:1- Projet de loi N\u00b0238 portant Il s&#8217;agit du:1- Projet de loi N\u00b0238 portant Loi de [&hellip;]<\/p>\n","protected":false},"author":2,"featured_media":2821,"comment_status":"open","ping_status":"open","sticky":false,"template":"","format":"standard","meta":{"_monsterinsights_skip_tracking":false,"_monsterinsights_sitenote_active":false,"_monsterinsights_sitenote_note":"","_monsterinsights_sitenote_category":0,"footnotes":""},"categories":[1],"tags":[473,475,214],"post_folder":[],"class_list":["post-2820","post","type-post","status-publish","format-standard","has-post-thumbnail","hentry","category-non-classe","tag-loi-de-reglement-de-la-republique-du-cameroun","tag-loi-sur-la-protection-civile","tag-senat-du-cameroun"],"_links":{"self":[{"href":"https:\/\/senat.cm\/index.php?rest_route=\/wp\/v2\/posts\/2820","targetHints":{"allow":["GET"]}}],"collection":[{"href":"https:\/\/senat.cm\/index.php?rest_route=\/wp\/v2\/posts"}],"about":[{"href":"https:\/\/senat.cm\/index.php?rest_route=\/wp\/v2\/types\/post"}],"author":[{"embeddable":true,"href":"https:\/\/senat.cm\/index.php?rest_route=\/wp\/v2\/users\/2"}],"replies":[{"embeddable":true,"href":"https:\/\/senat.cm\/index.php?rest_route=%2Fwp%2Fv2%2Fcomments&post=2820"}],"version-history":[{"count":1,"href":"https:\/\/senat.cm\/index.php?rest_route=\/wp\/v2\/posts\/2820\/revisions"}],"predecessor-version":[{"id":2822,"href":"https:\/\/senat.cm\/index.php?rest_route=\/wp\/v2\/posts\/2820\/revisions\/2822"}],"wp:featuredmedia":[{"embeddable":true,"href":"https:\/\/senat.cm\/index.php?rest_route=\/wp\/v2\/media\/2821"}],"wp:attachment":[{"href":"https:\/\/senat.cm\/index.php?rest_route=%2Fwp%2Fv2%2Fmedia&parent=2820"}],"wp:term":[{"taxonomy":"category","embeddable":true,"href":"https:\/\/senat.cm\/index.php?rest_route=%2Fwp%2Fv2%2Fcategories&post=2820"},{"taxonomy":"post_tag","embeddable":true,"href":"https:\/\/senat.cm\/index.php?rest_route=%2Fwp%2Fv2%2Ftags&post=2820"},{"taxonomy":"post_folder","embeddable":true,"href":"https:\/\/senat.cm\/index.php?rest_route=%2Fwp%2Fv2%2Fpost_folder&post=2820"}],"curies":[{"name":"wp","href":"https:\/\/api.w.org\/{rel}","templated":true}]}}