{"id":2842,"date":"2025-03-19T12:20:15","date_gmt":"2025-03-19T11:20:15","guid":{"rendered":"https:\/\/senat.cm\/?p=2842"},"modified":"2025-03-19T21:45:35","modified_gmt":"2025-03-19T20:45:35","slug":"bureau-definitif-du-senat","status":"publish","type":"post","link":"https:\/\/senat.cm\/?p=2842","title":{"rendered":"Bureau d\u00e9finitif du S\u00e9nat :"},"content":{"rendered":"\n<h2 class=\"wp-block-heading\">Marcel NIAT NJIFENJI reconduit \u00e0 la pr\u00e9sidence avec 87 voix sur 90<\/h2>\n\n\n\n<h2 class=\"wp-block-heading\"><em><strong>C\u2019\u00e9tait au cours d\u2019une s\u00e9ance pl\u00e9ni\u00e8re qui s\u2019est tenue \u00e0 l\u2019h\u00e9micycle du Conseil Economique et Social.<\/strong><\/em><\/h2>\n\n\n\n<p>Conform\u00e9ment aux dispositions du R\u00e8glement int\u00e9rieur du S\u00e9nat, les S\u00e9nateurs ont proc\u00e9d\u00e9 ce 18 mars 2025, \u00e0 l\u2019\u00e9lection du bureau d\u00e9finitif pour l\u2019ann\u00e9e l\u00e9gislative en cours. \u00c0 l\u2019issue du scrutin, le S\u00e9nateur Marcel Niat Njifenji, seul candidat \u00e0 ce poste, a \u00e9t\u00e9 r\u00e9\u00e9lu Pr\u00e9sident du S\u00e9nat, avec 87 voix sur 90 bulletins valablement exprim\u00e9s. Juste apr\u00e8s sa r\u00e9\u00e9lection pr\u00e9sid\u00e9e par le doyen d\u2019\u00e2ge, Ren\u00e9 Ze Nguele, il a rejoint sans d\u00e9lai le perchoir sous les acclamations des s\u00e9nateurs et du personnel du S\u00e9nat. Il a remerci\u00e9 le Pr\u00e9sident de la R\u00e9publique, son Excellence Paul BIYA, ainsi que ses pairs pour la confiance renouvel\u00e9e et a r\u00e9affirm\u00e9 son \u00ab\u00a0engagement total \u00e0 servir le Cameroun, et, bien entendu le S\u00e9nat, dans l\u2019int\u00e9r\u00eat de toutes et de tous\u00a0\u00bb.<\/p>\n\n\n\n<figure class=\"wp-block-image size-large\"><img loading=\"lazy\" decoding=\"async\" width=\"1024\" height=\"683\" src=\"https:\/\/senat.cm\/wp-content\/uploads\/2025\/03\/nouveau-perchoir-1024x683.jpg\" alt=\"\" class=\"wp-image-2848\" srcset=\"https:\/\/senat.cm\/wp-content\/uploads\/2025\/03\/nouveau-perchoir-1024x683.jpg 1024w, https:\/\/senat.cm\/wp-content\/uploads\/2025\/03\/nouveau-perchoir-300x200.jpg 300w, https:\/\/senat.cm\/wp-content\/uploads\/2025\/03\/nouveau-perchoir-768x512.jpg 768w, https:\/\/senat.cm\/wp-content\/uploads\/2025\/03\/nouveau-perchoir.jpg 1280w\" sizes=\"auto, (max-width: 1024px) 100vw, 1024px\" \/><figcaption class=\"wp-element-caption\"><em>Marcel NIAT NJIFENJI de nouveau au perchoir<\/em><\/figcaption><\/figure>\n\n\n\n<p><strong>Reconduction du Premier Vice-Pr\u00e9sident et du bureau sortant<\/strong><\/p>\n\n\n\n<p>Le scrutin a \u00e9galement permis la reconduction de sa Majest\u00e9 Aboubakary Abdoulaye au poste de Premier Vice-Pr\u00e9sident, avec 87 voix sur 89 suffrages exprim\u00e9es.<\/p>\n\n\n\n<p>Le reste du bureau s\u00e9natorial, compos\u00e9 de quatre Vice-Pr\u00e9sidents, trois Questeurs et huit Secr\u00e9taires, a \u00e9t\u00e9 int\u00e9gralement reconduit, traduisant la volont\u00e9 des s\u00e9nateurs de maintenir la stabilit\u00e9 et la continuit\u00e9 dans la gestion des travaux de la Chambre Haute.<\/p>\n\n\n\n<figure class=\"wp-block-image size-large\"><img loading=\"lazy\" decoding=\"async\" width=\"1024\" height=\"683\" src=\"https:\/\/senat.cm\/wp-content\/uploads\/2025\/03\/aboubakary-1024x683.jpg\" alt=\"\" class=\"wp-image-2845\" srcset=\"https:\/\/senat.cm\/wp-content\/uploads\/2025\/03\/aboubakary-1024x683.jpg 1024w, https:\/\/senat.cm\/wp-content\/uploads\/2025\/03\/aboubakary-300x200.jpg 300w, https:\/\/senat.cm\/wp-content\/uploads\/2025\/03\/aboubakary-768x512.jpg 768w, https:\/\/senat.cm\/wp-content\/uploads\/2025\/03\/aboubakary.jpg 1280w\" sizes=\"auto, (max-width: 1024px) 100vw, 1024px\" \/><figcaption class=\"wp-element-caption\"><em>Acclam\u00e9 par ses pairs apr\u00e8s sa r\u00e9\u00e9lection<\/em><\/figcaption><\/figure>\n\n\n\n<p><strong>Un nouveau Pr\u00e9sident pour le groupe parlementaire RDPC<\/strong><\/p>\n\n\n\n<p><strong>P<\/strong>lut\u00f4t dans la journ\u00e9e, un nouveau pr\u00e9sident du groupe parlementaire du Rassemblement D\u00e9mocratique du Peuple Camerounais (RDPC) a \u00e9t\u00e9 d\u00e9sign\u00e9 par le comit\u00e9 central de ce parti au Palais des Congr\u00e8s de Yaound\u00e9. Le S\u00e9nateur \u00e9lu de la R\u00e9gion de l\u2019Est Badel Ndanga Ndinga, puisqu\u2019il s\u2019agit de lui, succ\u00e8de \u00e0 feu le S\u00e9nateur Zang Oyono Calvin, disparu r\u00e9cemment.<\/p>\n\n\n\n<figure class=\"wp-block-image size-large\"><img loading=\"lazy\" decoding=\"async\" width=\"1024\" height=\"683\" src=\"https:\/\/senat.cm\/wp-content\/uploads\/2025\/03\/nouveau-President-du-groupe-rdpc-1024x683.jpg\" alt=\"\" class=\"wp-image-2844\" srcset=\"https:\/\/senat.cm\/wp-content\/uploads\/2025\/03\/nouveau-President-du-groupe-rdpc-1024x683.jpg 1024w, https:\/\/senat.cm\/wp-content\/uploads\/2025\/03\/nouveau-President-du-groupe-rdpc-300x200.jpg 300w, https:\/\/senat.cm\/wp-content\/uploads\/2025\/03\/nouveau-President-du-groupe-rdpc-768x512.jpg 768w, https:\/\/senat.cm\/wp-content\/uploads\/2025\/03\/nouveau-President-du-groupe-rdpc.jpg 1280w\" sizes=\"auto, (max-width: 1024px) 100vw, 1024px\" \/><figcaption class=\"wp-element-caption\"><em>Badel NDANGA NDINGA, nouveau Pr\u00e9sident du groupe parlementaire RDPC au S\u00e9nat<\/em><\/figcaption><\/figure>\n\n\n\n<figure class=\"wp-block-image size-large\"><img loading=\"lazy\" decoding=\"async\" width=\"1024\" height=\"683\" src=\"https:\/\/senat.cm\/wp-content\/uploads\/2025\/03\/5969674572443797760-1024x683.jpg\" alt=\"\" class=\"wp-image-2843\" srcset=\"https:\/\/senat.cm\/wp-content\/uploads\/2025\/03\/5969674572443797760-1024x683.jpg 1024w, https:\/\/senat.cm\/wp-content\/uploads\/2025\/03\/5969674572443797760-300x200.jpg 300w, https:\/\/senat.cm\/wp-content\/uploads\/2025\/03\/5969674572443797760-768x512.jpg 768w, https:\/\/senat.cm\/wp-content\/uploads\/2025\/03\/5969674572443797760.jpg 1280w\" sizes=\"auto, (max-width: 1024px) 100vw, 1024px\" \/><figcaption class=\"wp-element-caption\"><em>Jean KUETE, Secr\u00e9taire G\u00e9n\u00e9ral du Comit\u00e9 Central du RDPC<\/em><\/figcaption><\/figure>\n\n\n\n<p><strong><u>Liste du Bureau d\u00e9finitif du s\u00e9nat<\/u><\/strong><\/p>\n\n\n\n<p>Pr\u00e9sident&nbsp;: Marcel NIAT NJIFENJI<\/p>\n\n\n\n<p>1<sup>er<\/sup> Vice-Pr\u00e9sident&nbsp;: ABOUBAKARY ABDOULAYE<\/p>\n\n\n\n<p><strong><u>Vice-Pr\u00e9sidents<\/u><\/strong><\/p>\n\n\n\n<ul class=\"wp-block-list\">\n<li>TABETANDO NDIEB-NSO<\/li>\n\n\n\n<li>NKILI Robert<\/li>\n\n\n\n<li>DIN BELL Armande<\/li>\n\n\n\n<li>Vanigansen MOCHIGGLE<\/li>\n<\/ul>\n\n\n\n<p><strong><u>Questeurs<\/u><\/strong><\/p>\n\n\n\n<p>ABDOULAYE WOUYACK MARAVA<\/p>\n\n\n\n<p>OTTE Andrew MOFA<\/p>\n\n\n\n<p>MBA MBA Gr\u00e9goire<\/p>\n\n\n\n<p><u><strong>Les Secr\u00e9taires<\/strong><\/u><\/p>\n\n\n\n<p>HAYATOU A\u00efcha Pierrette<\/p>\n\n\n\n<p>Fon CHAFAH Issac&nbsp;&nbsp;&nbsp;&nbsp;&nbsp;&nbsp;&nbsp;&nbsp;&nbsp;&nbsp;&nbsp;&nbsp;&nbsp;&nbsp;&nbsp;&nbsp;&nbsp;&nbsp;&nbsp;&nbsp;&nbsp;&nbsp;&nbsp;&nbsp;&nbsp;&nbsp;&nbsp;&nbsp;&nbsp;&nbsp;&nbsp;&nbsp;&nbsp;&nbsp;&nbsp;&nbsp;&nbsp;&nbsp;&nbsp;&nbsp;&nbsp;&nbsp;&nbsp;&nbsp;&nbsp;&nbsp;&nbsp;&nbsp;<\/p>\n\n\n\n<p>OBAM ASSAM Samuel&nbsp;&nbsp;&nbsp;&nbsp;&nbsp;&nbsp;&nbsp;&nbsp;&nbsp;&nbsp;&nbsp;&nbsp;&nbsp;&nbsp;&nbsp;&nbsp;&nbsp;&nbsp;&nbsp;&nbsp;&nbsp;&nbsp;&nbsp;&nbsp;&nbsp;&nbsp;&nbsp;&nbsp;&nbsp;&nbsp;&nbsp;&nbsp;&nbsp;&nbsp;&nbsp;&nbsp;&nbsp;&nbsp;&nbsp;&nbsp;&nbsp;<\/p>\n\n\n\n<p>NGOUCHINGHE Sylvestre&nbsp;&nbsp;&nbsp;&nbsp;&nbsp;&nbsp;&nbsp;&nbsp;&nbsp;&nbsp;&nbsp;&nbsp;&nbsp;&nbsp;&nbsp;&nbsp;&nbsp;&nbsp;&nbsp;&nbsp;&nbsp;&nbsp;&nbsp;&nbsp;&nbsp;&nbsp;&nbsp;&nbsp;&nbsp;&nbsp;&nbsp;&nbsp;&nbsp;&nbsp;&nbsp;&nbsp;<\/p>\n\n\n\n<p>ABBA Harouna<\/p>\n\n\n\n<p>BEGALA Mikel \u00e9pse AKONO<\/p>\n\n\n\n<p>NGAYAP Pierre Flambeau\u00a0\u00a0\u00a0\u00a0\u00a0\u00a0\u00a0\u00a0\u00a0\u00a0\u00a0\u00a0\u00a0\u00a0\u00a0\u00a0\u00a0\u00a0\u00a0\u00a0\u00a0\u00a0\u00a0\u00a0\u00a0\u00a0\u00a0\u00a0\u00a0\u00a0\u00a0\u00a0\u00a0\u00a0\u00a0\u00a0 <\/p>\n\n\n\n<p>LEKE BESONGOH AKEMFOR Philip<\/p>\n\n\n\n<figure class=\"wp-block-image size-large\"><img loading=\"lazy\" decoding=\"async\" width=\"1024\" height=\"683\" src=\"https:\/\/senat.cm\/wp-content\/uploads\/2025\/03\/bureau-dage-1024x683.jpg\" alt=\"\" class=\"wp-image-2846\" srcset=\"https:\/\/senat.cm\/wp-content\/uploads\/2025\/03\/bureau-dage-1024x683.jpg 1024w, https:\/\/senat.cm\/wp-content\/uploads\/2025\/03\/bureau-dage-300x200.jpg 300w, https:\/\/senat.cm\/wp-content\/uploads\/2025\/03\/bureau-dage-768x512.jpg 768w, https:\/\/senat.cm\/wp-content\/uploads\/2025\/03\/bureau-dage.jpg 1280w\" sizes=\"auto, (max-width: 1024px) 100vw, 1024px\" \/><\/figure>\n\n\n\n<figure class=\"wp-block-image size-large\"><img loading=\"lazy\" decoding=\"async\" width=\"1024\" height=\"683\" src=\"https:\/\/senat.cm\/wp-content\/uploads\/2025\/03\/vote-1024x683.jpg\" alt=\"\" class=\"wp-image-2847\" srcset=\"https:\/\/senat.cm\/wp-content\/uploads\/2025\/03\/vote-1024x683.jpg 1024w, https:\/\/senat.cm\/wp-content\/uploads\/2025\/03\/vote-300x200.jpg 300w, https:\/\/senat.cm\/wp-content\/uploads\/2025\/03\/vote-768x512.jpg 768w, https:\/\/senat.cm\/wp-content\/uploads\/2025\/03\/vote.jpg 1280w\" sizes=\"auto, (max-width: 1024px) 100vw, 1024px\" \/><\/figure>\n","protected":false},"excerpt":{"rendered":"<p>Marcel NIAT NJIFENJI reconduit \u00e0 la pr\u00e9sidence avec 87 voix sur 90 C\u2019\u00e9tait au cours d\u2019une s\u00e9ance pl\u00e9ni\u00e8re qui s\u2019est tenue \u00e0 l\u2019h\u00e9micycle du Conseil Economique et Social. Conform\u00e9ment aux dispositions du R\u00e8glement int\u00e9rieur du S\u00e9nat, les S\u00e9nateurs ont proc\u00e9d\u00e9 ce 18 mars 2025, \u00e0 l\u2019\u00e9lection du bureau d\u00e9finitif pour l\u2019ann\u00e9e l\u00e9gislative en cours. \u00c0 [&hellip;]<\/p>\n","protected":false},"author":2,"featured_media":2851,"comment_status":"open","ping_status":"open","sticky":false,"template":"","format":"standard","meta":{"_monsterinsights_skip_tracking":false,"_monsterinsights_sitenote_active":false,"_monsterinsights_sitenote_note":"","_monsterinsights_sitenote_category":0,"footnotes":""},"categories":[3],"tags":[483,477,392,218,479,481],"post_folder":[],"class_list":["post-2842","post","type-post","status-publish","format-standard","has-post-thumbnail","hentry","category-senat-4","tag-aboubakary-abdoulaye","tag-conseil-economique-et-social","tag-election-du-bureau-du-senat","tag-marcel-niat-njifenji","tag-questeurs","tag-secretaires-au-bureau"],"_links":{"self":[{"href":"https:\/\/senat.cm\/index.php?rest_route=\/wp\/v2\/posts\/2842","targetHints":{"allow":["GET"]}}],"collection":[{"href":"https:\/\/senat.cm\/index.php?rest_route=\/wp\/v2\/posts"}],"about":[{"href":"https:\/\/senat.cm\/index.php?rest_route=\/wp\/v2\/types\/post"}],"author":[{"embeddable":true,"href":"https:\/\/senat.cm\/index.php?rest_route=\/wp\/v2\/users\/2"}],"replies":[{"embeddable":true,"href":"https:\/\/senat.cm\/index.php?rest_route=%2Fwp%2Fv2%2Fcomments&post=2842"}],"version-history":[{"count":1,"href":"https:\/\/senat.cm\/index.php?rest_route=\/wp\/v2\/posts\/2842\/revisions"}],"predecessor-version":[{"id":2850,"href":"https:\/\/senat.cm\/index.php?rest_route=\/wp\/v2\/posts\/2842\/revisions\/2850"}],"wp:featuredmedia":[{"embeddable":true,"href":"https:\/\/senat.cm\/index.php?rest_route=\/wp\/v2\/media\/2851"}],"wp:attachment":[{"href":"https:\/\/senat.cm\/index.php?rest_route=%2Fwp%2Fv2%2Fmedia&parent=2842"}],"wp:term":[{"taxonomy":"category","embeddable":true,"href":"https:\/\/senat.cm\/index.php?rest_route=%2Fwp%2Fv2%2Fcategories&post=2842"},{"taxonomy":"post_tag","embeddable":true,"href":"https:\/\/senat.cm\/index.php?rest_route=%2Fwp%2Fv2%2Ftags&post=2842"},{"taxonomy":"post_folder","embeddable":true,"href":"https:\/\/senat.cm\/index.php?rest_route=%2Fwp%2Fv2%2Fpost_folder&post=2842"}],"curies":[{"name":"wp","href":"https:\/\/api.w.org\/{rel}","templated":true}]}}