{"id":2853,"date":"2025-03-20T14:30:31","date_gmt":"2025-03-20T13:30:31","guid":{"rendered":"https:\/\/senat.cm\/?p=2853"},"modified":"2025-03-20T14:30:32","modified_gmt":"2025-03-20T13:30:32","slug":"en-commission","status":"publish","type":"post","link":"https:\/\/senat.cm\/?p=2853","title":{"rendered":"En Commission"},"content":{"rendered":"\n<h2 class=\"wp-block-heading\"><strong>Les 9 commissions permanentes adopt\u00e9es<\/strong><\/h2>\n\n\n\n<h2 class=\"wp-block-heading\"><strong><em>Au lendemain de l\u2019\u00e9lection des membres du Bureau permanent, les s\u00e9nateurs ont proc\u00e9d\u00e9 le 19 mars 2025, \u00e0 l\u2019adoption des neufs commissions permanentes qui seront charg\u00e9es de conduire les travaux parlementaires dans les diff\u00e9rents domaines.<\/em><\/strong><\/h2>\n\n\n\n<p>R\u00e9unis en s\u00e9ance pl\u00e9ni\u00e8re \u00e0 l\u2019h\u00e9micycle du Conseil Economique et Social, sous la pr\u00e9sidence du 1<sup>er<\/sup> Vice-Pr\u00e9sident du S\u00e9nat, ABOUBAKARY ABDOULAYE, l\u2019ordre du jour portait sur l\u2019adoption de la liste des candidats aux commissions g\u00e9n\u00e9rales. A la suite de \u00e7a, les S\u00e9nateurs se sont dirig\u00e9s vers la salle de conf\u00e9rence du premier \u00e9tage pour l\u2019adoption desdites commissions.<\/p>\n\n\n\n<p>Chaque commission, conform\u00e9ment au r\u00e8glement int\u00e9rieur du S\u00e9nat, est dot\u00e9e d\u2019un bureau compos\u00e9 d\u2019un pr\u00e9sident, d\u2019un Vice-Pr\u00e9sident, d\u2019un Secr\u00e9taire\u00a0; ainsi que des membres charg\u00e9s d\u2019\u00e9tudier et de formuler des propositions sur les th\u00e9matiques relevant de leur domaine de comp\u00e9tence. \u00a0Sous le contr\u00f4le du Secr\u00e9taire G\u00e9n\u00e9ral du S\u00e9nat, Gustave L\u00e9opold NGANE, les diff\u00e9rents bureaux ont tour \u00e0 tour \u00e9t\u00e9 reconduit sans exception.<\/p>\n\n\n\n<figure class=\"wp-block-image size-large\"><img loading=\"lazy\" decoding=\"async\" width=\"1024\" height=\"683\" src=\"https:\/\/senat.cm\/wp-content\/uploads\/2025\/03\/5971926372257483950-1024x683.jpg\" alt=\"\" class=\"wp-image-2855\" srcset=\"https:\/\/senat.cm\/wp-content\/uploads\/2025\/03\/5971926372257483950-1024x683.jpg 1024w, https:\/\/senat.cm\/wp-content\/uploads\/2025\/03\/5971926372257483950-300x200.jpg 300w, https:\/\/senat.cm\/wp-content\/uploads\/2025\/03\/5971926372257483950-768x512.jpg 768w, https:\/\/senat.cm\/wp-content\/uploads\/2025\/03\/5971926372257483950.jpg 1280w\" sizes=\"auto, (max-width: 1024px) 100vw, 1024px\" \/><\/figure>\n\n\n\n<figure class=\"wp-block-image size-large\"><img loading=\"lazy\" decoding=\"async\" width=\"1024\" height=\"683\" src=\"https:\/\/senat.cm\/wp-content\/uploads\/2025\/03\/5971926372257483946-1024x683.jpg\" alt=\"\" class=\"wp-image-2856\" srcset=\"https:\/\/senat.cm\/wp-content\/uploads\/2025\/03\/5971926372257483946-1024x683.jpg 1024w, https:\/\/senat.cm\/wp-content\/uploads\/2025\/03\/5971926372257483946-300x200.jpg 300w, https:\/\/senat.cm\/wp-content\/uploads\/2025\/03\/5971926372257483946-768x512.jpg 768w, https:\/\/senat.cm\/wp-content\/uploads\/2025\/03\/5971926372257483946.jpg 1280w\" sizes=\"auto, (max-width: 1024px) 100vw, 1024px\" \/><\/figure>\n\n\n\n<h2 class=\"wp-block-heading\"><strong>Les neufs commissions adopt\u00e9es<\/strong><\/h2>\n\n\n\n<ol class=\"wp-block-list\">\n<li><strong>La Commission des Affaires \u00e9trang\u00e8res<\/strong> pr\u00e9sid\u00e9e par le S\u00e9nateur Nicole Okala Bila\u00ef a en charge l\u2019examen des trait\u00e9s, conventions internationales e accords de ratifications.<\/li>\n\n\n\n<li><strong>La commission des Finances et du Budget<\/strong> qui traitre du contr\u00f4le budg\u00e9taire, de la fiscalit\u00e9, la monnaie et des finances publiques a \u00e0 sa t\u00eate le s\u00e9nateur Laurent NKODO;<\/li>\n\n\n\n<li><strong>La Commission des Lois Constitutionnelles,<\/strong> des droits de l\u2019Homme sous la pr\u00e9sidence du s\u00e9nateur BELL Luc R\u00e9n\u00e9, est comp\u00e9tente sur les questions li\u00e9es \u00e0 la justice, la Constitution, le statut des personnes entres autres.\u00a0<\/li>\n\n\n\n<li><strong>La Commission de la<\/strong> <strong>d\u00e9fense nationale et de s\u00e9curit\u00e9<\/strong> qui couvre les questions relatives \u00e0 la s\u00e9curit\u00e9 int\u00e9rieure, la d\u00e9fense et la justice militaire est pr\u00e9sid\u00e9e par le S\u00e9nateur Etame MASSOMA Siegfried.<\/li>\n\n\n\n<li>\u00a0La <strong>Commission des Affaires Economiques et de la Programmation<\/strong> dirig\u00e9e par le S\u00e9nateur MOUEN DIBOUNDJE Ernest est en charge des lois-programmes, du domaine de l\u2019\u00e9tat, des entreprises nationales, de l\u2019urbanisme, \u00e9quipements et travaux publics.<\/li>\n\n\n\n<li><strong>La Commission de l\u2019\u00e9ducation, de la formation professionnelle et de la jeunesse<\/strong> en charge des projets de loi sur l\u2019enseignement a \u00e9galement maintenu le S\u00e9nateur et doyen d\u2019\u00e2ge du S\u00e9nat, Ren\u00e9 Ze NGUELE au poste de pr\u00e9sident.<\/li>\n\n\n\n<li>\u00a0<strong>La Commission des Affaires Culturelles, Sociales et Familiales <\/strong>pr\u00e9sid\u00e9e par le S\u00e9nateur Emma ENO LAFON, se penche sur les questions de culture, l\u2019art, l\u2019information et la communication, les personnes \u00e2g\u00e9es, la famille, etc.<\/li>\n\n\n\n<li><strong>La<\/strong> <strong>Commission de la Production et des Echanges<\/strong> sous la pr\u00e9sidence du S\u00e9nateur TIZI Toumba Malaye est comp\u00e9tente pour les secteurs de l\u2019agriculture, la p\u00eache, l\u2019\u00e9levage, \u00e9nergie et industrie, tourisme, recherche scientifique, commerce\u2026 et<\/li>\n<\/ol>\n\n\n\n<p>9) <strong>La Commission des R\u00e9solutions et P\u00e9titions<\/strong> pr\u00e9sid\u00e9e par le S\u00e9nateur MOHAMAN GABDO YAYA, elle examine les propositions de r\u00e9solution, des p\u00e9titions, de l\u2019activit\u00e9 interne du S\u00e9nat.<\/p>\n\n\n\n<p>Avec la mise en place effective de ces commissions, le S\u00e9nat est d\u00e9sormais op\u00e9rationnel pour recevoir les projets de loi, les examiner et les orienter vers les commissions comp\u00e9tentes pour examen et d\u00e9lib\u00e9ration.<\/p>\n\n\n\n<figure class=\"wp-block-image size-large\"><img loading=\"lazy\" decoding=\"async\" width=\"1024\" height=\"683\" src=\"https:\/\/senat.cm\/wp-content\/uploads\/2025\/03\/5971926372257483945-1024x683.jpg\" alt=\"\" class=\"wp-image-2857\" srcset=\"https:\/\/senat.cm\/wp-content\/uploads\/2025\/03\/5971926372257483945-1024x683.jpg 1024w, https:\/\/senat.cm\/wp-content\/uploads\/2025\/03\/5971926372257483945-300x200.jpg 300w, https:\/\/senat.cm\/wp-content\/uploads\/2025\/03\/5971926372257483945-768x512.jpg 768w, https:\/\/senat.cm\/wp-content\/uploads\/2025\/03\/5971926372257483945.jpg 1280w\" sizes=\"auto, (max-width: 1024px) 100vw, 1024px\" \/><\/figure>\n\n\n\n<p><\/p>\n","protected":false},"excerpt":{"rendered":"<p>Les 9 commissions permanentes adopt\u00e9es Au lendemain de l\u2019\u00e9lection des membres du Bureau permanent, les s\u00e9nateurs ont proc\u00e9d\u00e9 le 19 mars 2025, \u00e0 l\u2019adoption des neufs commissions permanentes qui seront charg\u00e9es de conduire les travaux parlementaires dans les diff\u00e9rents domaines. R\u00e9unis en s\u00e9ance pl\u00e9ni\u00e8re \u00e0 l\u2019h\u00e9micycle du Conseil Economique et Social, sous la pr\u00e9sidence du [&hellip;]<\/p>\n","protected":false},"author":2,"featured_media":2854,"comment_status":"open","ping_status":"open","sticky":false,"template":"","format":"standard","meta":{"_monsterinsights_skip_tracking":false,"_monsterinsights_sitenote_active":false,"_monsterinsights_sitenote_note":"","_monsterinsights_sitenote_category":0,"footnotes":""},"categories":[1],"tags":[485,487],"post_folder":[],"class_list":["post-2853","post","type-post","status-publish","format-standard","has-post-thumbnail","hentry","category-non-classe","tag-commissions-permanentes","tag-reglement-interieur-du-senat"],"_links":{"self":[{"href":"https:\/\/senat.cm\/index.php?rest_route=\/wp\/v2\/posts\/2853","targetHints":{"allow":["GET"]}}],"collection":[{"href":"https:\/\/senat.cm\/index.php?rest_route=\/wp\/v2\/posts"}],"about":[{"href":"https:\/\/senat.cm\/index.php?rest_route=\/wp\/v2\/types\/post"}],"author":[{"embeddable":true,"href":"https:\/\/senat.cm\/index.php?rest_route=\/wp\/v2\/users\/2"}],"replies":[{"embeddable":true,"href":"https:\/\/senat.cm\/index.php?rest_route=%2Fwp%2Fv2%2Fcomments&post=2853"}],"version-history":[{"count":2,"href":"https:\/\/senat.cm\/index.php?rest_route=\/wp\/v2\/posts\/2853\/revisions"}],"predecessor-version":[{"id":2859,"href":"https:\/\/senat.cm\/index.php?rest_route=\/wp\/v2\/posts\/2853\/revisions\/2859"}],"wp:featuredmedia":[{"embeddable":true,"href":"https:\/\/senat.cm\/index.php?rest_route=\/wp\/v2\/media\/2854"}],"wp:attachment":[{"href":"https:\/\/senat.cm\/index.php?rest_route=%2Fwp%2Fv2%2Fmedia&parent=2853"}],"wp:term":[{"taxonomy":"category","embeddable":true,"href":"https:\/\/senat.cm\/index.php?rest_route=%2Fwp%2Fv2%2Fcategories&post=2853"},{"taxonomy":"post_tag","embeddable":true,"href":"https:\/\/senat.cm\/index.php?rest_route=%2Fwp%2Fv2%2Ftags&post=2853"},{"taxonomy":"post_folder","embeddable":true,"href":"https:\/\/senat.cm\/index.php?rest_route=%2Fwp%2Fv2%2Fpost_folder&post=2853"}],"curies":[{"name":"wp","href":"https:\/\/api.w.org\/{rel}","templated":true}]}}