{"id":2973,"date":"2025-04-10T10:00:00","date_gmt":"2025-04-10T09:00:00","guid":{"rendered":"https:\/\/senat.cm\/?p=2973"},"modified":"2025-04-17T00:19:52","modified_gmt":"2025-04-16T23:19:52","slug":"cloture-de-la-session-de-mars-2025-le-senat-reaffirme-son-attachement-a-la-paix-et-a-la-stabilite","status":"publish","type":"post","link":"https:\/\/senat.cm\/?p=2973","title":{"rendered":"Cl\u00f4ture de la session de mars 2025 : le S\u00e9nat r\u00e9affirme son attachement \u00e0 la paix et \u00e0 la stabilit\u00e9"},"content":{"rendered":"\n<h2 class=\"wp-block-heading\"><em>La c\u00e9r\u00e9monie de cl\u00f4ture \u00e9tait pr\u00e9sid\u00e9e par le Pr\u00e9sident du S\u00e9nat, Marcel Niat Njifenji.<\/em><\/h2>\n\n\n\n<figure class=\"wp-block-image size-large\"><img loading=\"lazy\" decoding=\"async\" width=\"1024\" height=\"539\" src=\"https:\/\/senat.cm\/wp-content\/uploads\/2025\/04\/5767211759730542547-1024x539.jpg\" alt=\"\" class=\"wp-image-2975\" srcset=\"https:\/\/senat.cm\/wp-content\/uploads\/2025\/04\/5767211759730542547-1024x539.jpg 1024w, https:\/\/senat.cm\/wp-content\/uploads\/2025\/04\/5767211759730542547-300x158.jpg 300w, https:\/\/senat.cm\/wp-content\/uploads\/2025\/04\/5767211759730542547-768x405.jpg 768w, https:\/\/senat.cm\/wp-content\/uploads\/2025\/04\/5767211759730542547.jpg 1080w\" sizes=\"auto, (max-width: 1024px) 100vw, 1024px\" \/><\/figure>\n\n\n\n<p>La premi\u00e8re Session Ordinaire pour l\u2019ann\u00e9e l\u00e9gislative 2025 s\u2019est achev\u00e9e ce 9 avril \u00e0 Yaound\u00e9. Dans son discours de cl\u00f4ture, <a href=\"https:\/\/senat.cm\/?page_id=2581\">le Pr\u00e9sident du S\u00e9nat<\/a>, a appel\u00e9 \u00e0 la responsabilit\u00e9 collective en cette ann\u00e9e \u00e9lectorale cruciale, soulignant la n\u00e9cessit\u00e9 de pr\u00e9server la paix, la stabilit\u00e9 et l\u2019unit\u00e9 nationale.<br>Rendant hommage aux soldats tomb\u00e9s lors d\u2019une attaque terroriste r\u00e9cente dans la localit\u00e9 nig\u00e9riane de Wulgo, il a r\u00e9affirm\u00e9 le soutien ind\u00e9fectible du S\u00e9nat aux forces de d\u00e9fense.<br>La session elle, a \u00e9t\u00e9 marqu\u00e9e par l\u2019adoption de 7 textes au total; illustrant l\u2019orientation r\u00e9solument multilat\u00e9rale du Cameroun. Le Pr\u00e9sident du S\u00e9nat s\u2019est r\u00e9joui de la ratification d\u2019accords internationaux sur la suppression des visas, la lutte contre la double imposition et la coop\u00e9ration transfrontali\u00e8re. Ces mesures visent \u00e0 renforcer les partenariats \u00e9conomiques et \u00e0 stimuler la croissance \u00e0 travers une diplomatie proactive. Dans le prolongement de cette dynamique, l\u2019adoption d\u2019un projet de loi sur la bios\u00e9curit\u00e9 ainsi que l\u2019accord-cadre avec le Nig\u00e9ria sur la gestion des ressources naturelles ont \u00e9t\u00e9 salu\u00e9s comme des avanc\u00e9es importantes en mati\u00e8re de d\u00e9veloppement durable et de r\u00e9silience face aux risques environnementaux.<br>Il a enfin exhort\u00e9 <a href=\"https:\/\/senat.cm\/?page_id=869\">les parlementaires<\/a> \u00e0 porter un message de tol\u00e9rance et de vivre-ensemble dans leurs r\u00e9gions respectives, rappelant que \u00ab sans paix, aucun d\u00e9veloppement n\u2019est possible \u00bb.<\/p>\n\n\n\n<p><strong>Divcom\/S\u00e9nat<\/strong><\/p>\n\n\n\n<figure class=\"wp-block-image size-full\"><img loading=\"lazy\" decoding=\"async\" width=\"920\" height=\"614\" src=\"https:\/\/senat.cm\/wp-content\/uploads\/2025\/04\/5767211759730542553.jpg\" alt=\"\" class=\"wp-image-2978\" srcset=\"https:\/\/senat.cm\/wp-content\/uploads\/2025\/04\/5767211759730542553.jpg 920w, https:\/\/senat.cm\/wp-content\/uploads\/2025\/04\/5767211759730542553-300x200.jpg 300w, https:\/\/senat.cm\/wp-content\/uploads\/2025\/04\/5767211759730542553-768x513.jpg 768w\" sizes=\"auto, (max-width: 920px) 100vw, 920px\" \/><\/figure>\n\n\n\n<figure class=\"wp-block-image size-full\"><img loading=\"lazy\" decoding=\"async\" width=\"920\" height=\"614\" src=\"https:\/\/senat.cm\/wp-content\/uploads\/2025\/04\/5767211759730542552.jpg\" alt=\"\" class=\"wp-image-2977\" srcset=\"https:\/\/senat.cm\/wp-content\/uploads\/2025\/04\/5767211759730542552.jpg 920w, https:\/\/senat.cm\/wp-content\/uploads\/2025\/04\/5767211759730542552-300x200.jpg 300w, https:\/\/senat.cm\/wp-content\/uploads\/2025\/04\/5767211759730542552-768x513.jpg 768w\" sizes=\"auto, (max-width: 920px) 100vw, 920px\" \/><figcaption class=\"wp-element-caption\">Les membres du gouvernement \u00e0 la d\u00e9couverte de Senate Update <\/figcaption><\/figure>\n\n\n\n<p><\/p>\n","protected":false},"excerpt":{"rendered":"<p>La c\u00e9r\u00e9monie de cl\u00f4ture \u00e9tait pr\u00e9sid\u00e9e par le Pr\u00e9sident du S\u00e9nat, Marcel Niat Njifenji. La premi\u00e8re Session Ordinaire pour l\u2019ann\u00e9e l\u00e9gislative 2025 s\u2019est achev\u00e9e ce 9 avril \u00e0 Yaound\u00e9. Dans son discours de cl\u00f4ture, le Pr\u00e9sident du S\u00e9nat, a appel\u00e9 \u00e0 la responsabilit\u00e9 collective en cette ann\u00e9e \u00e9lectorale cruciale, soulignant la n\u00e9cessit\u00e9 de pr\u00e9server la [&hellip;]<\/p>\n","protected":false},"author":3,"featured_media":2974,"comment_status":"open","ping_status":"open","sticky":false,"template":"","format":"standard","meta":{"_monsterinsights_skip_tracking":false,"_monsterinsights_sitenote_active":false,"_monsterinsights_sitenote_note":"","_monsterinsights_sitenote_category":0,"footnotes":""},"categories":[1],"tags":[],"post_folder":[],"class_list":["post-2973","post","type-post","status-publish","format-standard","has-post-thumbnail","hentry","category-non-classe"],"_links":{"self":[{"href":"https:\/\/senat.cm\/index.php?rest_route=\/wp\/v2\/posts\/2973","targetHints":{"allow":["GET"]}}],"collection":[{"href":"https:\/\/senat.cm\/index.php?rest_route=\/wp\/v2\/posts"}],"about":[{"href":"https:\/\/senat.cm\/index.php?rest_route=\/wp\/v2\/types\/post"}],"author":[{"embeddable":true,"href":"https:\/\/senat.cm\/index.php?rest_route=\/wp\/v2\/users\/3"}],"replies":[{"embeddable":true,"href":"https:\/\/senat.cm\/index.php?rest_route=%2Fwp%2Fv2%2Fcomments&post=2973"}],"version-history":[{"count":1,"href":"https:\/\/senat.cm\/index.php?rest_route=\/wp\/v2\/posts\/2973\/revisions"}],"predecessor-version":[{"id":2979,"href":"https:\/\/senat.cm\/index.php?rest_route=\/wp\/v2\/posts\/2973\/revisions\/2979"}],"wp:featuredmedia":[{"embeddable":true,"href":"https:\/\/senat.cm\/index.php?rest_route=\/wp\/v2\/media\/2974"}],"wp:attachment":[{"href":"https:\/\/senat.cm\/index.php?rest_route=%2Fwp%2Fv2%2Fmedia&parent=2973"}],"wp:term":[{"taxonomy":"category","embeddable":true,"href":"https:\/\/senat.cm\/index.php?rest_route=%2Fwp%2Fv2%2Fcategories&post=2973"},{"taxonomy":"post_tag","embeddable":true,"href":"https:\/\/senat.cm\/index.php?rest_route=%2Fwp%2Fv2%2Ftags&post=2973"},{"taxonomy":"post_folder","embeddable":true,"href":"https:\/\/senat.cm\/index.php?rest_route=%2Fwp%2Fv2%2Fpost_folder&post=2973"}],"curies":[{"name":"wp","href":"https:\/\/api.w.org\/{rel}","templated":true}]}}