{"id":506,"date":"2023-07-13T09:09:00","date_gmt":"2023-07-13T07:09:00","guid":{"rendered":"https:\/\/thethemedemo.com\/republik\/\/?p=506"},"modified":"2023-09-08T00:18:24","modified_gmt":"2023-09-07T22:18:24","slug":"nam-liber-tempor-cum-soluta-nobis","status":"publish","type":"post","link":"https:\/\/senat.cm\/?p=506","title":{"rendered":"*ACTU DES S\u00c9NATEURS EN R\u00c9GION*"},"content":{"rendered":"<div class=\"x11i5rnm xat24cr x1mh8g0r x1vvkbs xtlvy1s x126k92a\">\n<div dir=\"auto\">EST: ET VOICI LE &#8220;CACERE&#8221;!<\/div>\n<div dir=\"auto\">Les S\u00e9nateurs de la R\u00e9gion viennent de metrre sur pieds le *CADRE DE CONCERTATION DES \u00c9LUS DE LA R\u00c9GION DE L&#8217;EST (CACERE)*. C&#8217;\u00e9tait au cours d&#8217;une rencontre tenue ce 12 juillet \u00e0 Bertoua.<\/div>\n<\/div>\n<div class=\"x11i5rnm xat24cr x1mh8g0r x1vvkbs xtlvy1s x126k92a\">\n<div dir=\"auto\">C&#8217;est un Cadre de concertation qui r\u00e9unit les S\u00e9nateurs, les membres du bureau du Conseil R\u00e9gional et les magistrats municipaux ( Maires et Adjoints).<\/div>\n<div dir=\"auto\">Le CACERE est port\u00e9 par quatre objectifs majeurs :<\/div>\n<div dir=\"auto\"><span class=\"x3nfvp2 x1j61x8r x1fcty0u xdj266r xhhsvwb xat24cr xgzva0m xxymvpz xlup9mm x1kky2od\"><img loading=\"lazy\" decoding=\"async\" src=\"https:\/\/static.xx.fbcdn.net\/images\/emoji.php\/v9\/tea\/2\/16\/25fc.png\" alt=\"\u25fc\ufe0f\" width=\"16\" height=\"16\" \/><\/span> Recueillir aupr\u00e8s des CTDs les suggestions pour une mise en place harmonieuse de la d\u00e9centralisation,<\/div>\n<div dir=\"auto\"><span class=\"x3nfvp2 x1j61x8r x1fcty0u xdj266r xhhsvwb xat24cr xgzva0m xxymvpz xlup9mm x1kky2od\"><img loading=\"lazy\" decoding=\"async\" src=\"https:\/\/static.xx.fbcdn.net\/images\/emoji.php\/v9\/tea\/2\/16\/25fc.png\" alt=\"\u25fc\ufe0f\" width=\"16\" height=\"16\" \/><\/span> Mener la r\u00e9flexion sur les defis politiques, socio-\u00e9conomique et culturels de la r\u00e9gion,<\/div>\n<div dir=\"auto\"><span class=\"x3nfvp2 x1j61x8r x1fcty0u xdj266r xhhsvwb xat24cr xgzva0m xxymvpz xlup9mm x1kky2od\"><img loading=\"lazy\" decoding=\"async\" src=\"https:\/\/static.xx.fbcdn.net\/images\/emoji.php\/v9\/tea\/2\/16\/25fc.png\" alt=\"\u25fc\ufe0f\" width=\"16\" height=\"16\" \/><\/span> Entretenir les liens de solidarit\u00e9<\/div>\n<div dir=\"auto\"><span class=\"x3nfvp2 x1j61x8r x1fcty0u xdj266r xhhsvwb xat24cr xgzva0m xxymvpz xlup9mm x1kky2od\"><img loading=\"lazy\" decoding=\"async\" src=\"https:\/\/static.xx.fbcdn.net\/images\/emoji.php\/v9\/tea\/2\/16\/25fc.png\" alt=\"\u25fc\ufe0f\" width=\"16\" height=\"16\" \/><\/span> Harmoniser<\/div>\n<div dir=\"auto\">les efforts des CTDs.<\/div>\n<div dir=\"auto\">Port\u00e9 \u00e0 la Pr\u00e9sidence de cette nouvelle association, le S\u00e9nateur Benjamin AMAMA AMAMA a rappel\u00e9 ses pairs leur devise \u00e0 savoir : Solidarit\u00e9 -Concertation &#8211; Travail.<\/div>\n<div dir=\"auto\">Les assises se sont achev\u00e9es par la lecture du compte rendu de la Session du mois de Juin au <a class=\"x1i10hfl xjbqb8w x6umtig x1b1mbwd xaqea5y xav7gou x9f619 x1ypdohk xt0psk2 xe8uvvx xdj266r x11i5rnm xat24cr x1mh8g0r xexx8yu x4uap5 x18d9i69 xkhd6sd x16tdsg8 x1hl2dhg xggy1nq x1a2a7pz xt0b8zv x1qq9wsj xo1l8bm\" tabindex=\"0\" role=\"link\" href=\"https:\/\/www.facebook.com\/senatducameroun?__cft__[0]=AZXmcyXGFWUe1bbKFFy5vMfU6ApNG3Zp3gaM3tMmUG2-6FxjmxSeE1pfWePrbZBJaRKsgPZH2VDzBd6BirjF9xMr5ph_r5Gx-OYzYY6Xz9Y2YknFwHnPgZHeVPQbpfLmksydF4BBOISWDyY3eRIaH8JnC6yCY9BaXCTe0hqOqCh1JbHhKjHjVdNL6KnhkU-spdk&amp;__tn__=-]K-R\"><span class=\"xt0psk2\">S\u00e9nat du Cameroun<\/span><\/a> , ont connu la pr\u00e9sence du Gouverneur de la R\u00e9gion de l&#8217;Est Gr\u00e9goire Mvongo , des pr\u00e9fets du Haut-Nyong, de la Kadey et du Lom et Djerem.<\/div>\n<\/div>\n<div dir=\"auto\">\u00a0<\/div>\n\n\n<figure class=\"wp-block-gallery has-nested-images columns-default is-cropped wp-block-gallery-1 is-layout-flex wp-block-gallery-is-layout-flex\">\n<figure class=\"wp-block-image size-large\"><img loading=\"lazy\" decoding=\"async\" width=\"1024\" height=\"449\" data-id=\"1157\" src=\"https:\/\/senat.cm\/wp-content\/uploads\/2017\/08\/359738869_180892224967658_7079532795686638335_n-1024x449.jpeg\" alt=\"\" class=\"wp-image-1157\" srcset=\"https:\/\/senat.cm\/wp-content\/uploads\/2017\/08\/359738869_180892224967658_7079532795686638335_n-1024x449.jpeg 1024w, https:\/\/senat.cm\/wp-content\/uploads\/2017\/08\/359738869_180892224967658_7079532795686638335_n-300x132.jpeg 300w, https:\/\/senat.cm\/wp-content\/uploads\/2017\/08\/359738869_180892224967658_7079532795686638335_n-768x337.jpeg 768w, https:\/\/senat.cm\/wp-content\/uploads\/2017\/08\/359738869_180892224967658_7079532795686638335_n.jpeg 1080w\" sizes=\"auto, (max-width: 1024px) 100vw, 1024px\" \/><\/figure>\n\n\n\n<figure class=\"wp-block-image size-large\"><img loading=\"lazy\" decoding=\"async\" width=\"1024\" height=\"449\" data-id=\"1156\" src=\"https:\/\/senat.cm\/wp-content\/uploads\/2017\/08\/359514169_180892398300974_5564943480146972989_n-1024x449.jpeg\" alt=\"\" class=\"wp-image-1156\" srcset=\"https:\/\/senat.cm\/wp-content\/uploads\/2017\/08\/359514169_180892398300974_5564943480146972989_n-1024x449.jpeg 1024w, https:\/\/senat.cm\/wp-content\/uploads\/2017\/08\/359514169_180892398300974_5564943480146972989_n-300x132.jpeg 300w, https:\/\/senat.cm\/wp-content\/uploads\/2017\/08\/359514169_180892398300974_5564943480146972989_n-768x337.jpeg 768w, https:\/\/senat.cm\/wp-content\/uploads\/2017\/08\/359514169_180892398300974_5564943480146972989_n.jpeg 1080w\" sizes=\"auto, (max-width: 1024px) 100vw, 1024px\" \/><\/figure>\n\n\n\n<figure class=\"wp-block-image size-large\"><img loading=\"lazy\" decoding=\"async\" width=\"1024\" height=\"449\" data-id=\"1155\" src=\"https:\/\/senat.cm\/wp-content\/uploads\/2017\/08\/359351165_180892318300982_1326073880831111510_n-1024x449.jpeg\" alt=\"\" class=\"wp-image-1155\" srcset=\"https:\/\/senat.cm\/wp-content\/uploads\/2017\/08\/359351165_180892318300982_1326073880831111510_n-1024x449.jpeg 1024w, https:\/\/senat.cm\/wp-content\/uploads\/2017\/08\/359351165_180892318300982_1326073880831111510_n-300x132.jpeg 300w, https:\/\/senat.cm\/wp-content\/uploads\/2017\/08\/359351165_180892318300982_1326073880831111510_n-768x337.jpeg 768w, https:\/\/senat.cm\/wp-content\/uploads\/2017\/08\/359351165_180892318300982_1326073880831111510_n.jpeg 1080w\" sizes=\"auto, (max-width: 1024px) 100vw, 1024px\" \/><\/figure>\n\n\n\n<figure class=\"wp-block-image size-large\"><img loading=\"lazy\" decoding=\"async\" width=\"992\" height=\"744\" data-id=\"1154\" src=\"https:\/\/senat.cm\/wp-content\/uploads\/2017\/08\/358686700_180892558300958_1360148179396417281_n.jpeg\" alt=\"\" class=\"wp-image-1154\" srcset=\"https:\/\/senat.cm\/wp-content\/uploads\/2017\/08\/358686700_180892558300958_1360148179396417281_n.jpeg 992w, https:\/\/senat.cm\/wp-content\/uploads\/2017\/08\/358686700_180892558300958_1360148179396417281_n-300x225.jpeg 300w, https:\/\/senat.cm\/wp-content\/uploads\/2017\/08\/358686700_180892558300958_1360148179396417281_n-768x576.jpeg 768w\" sizes=\"auto, (max-width: 992px) 100vw, 992px\" \/><\/figure>\n\n\n\n<figure class=\"wp-block-image size-large\"><img loading=\"lazy\" decoding=\"async\" width=\"992\" height=\"744\" data-id=\"1153\" src=\"https:\/\/senat.cm\/wp-content\/uploads\/2017\/08\/358686065_180892481634299_7369702385722400152_n.jpeg\" alt=\"\" class=\"wp-image-1153\" srcset=\"https:\/\/senat.cm\/wp-content\/uploads\/2017\/08\/358686065_180892481634299_7369702385722400152_n.jpeg 992w, https:\/\/senat.cm\/wp-content\/uploads\/2017\/08\/358686065_180892481634299_7369702385722400152_n-300x225.jpeg 300w, https:\/\/senat.cm\/wp-content\/uploads\/2017\/08\/358686065_180892481634299_7369702385722400152_n-768x576.jpeg 768w\" sizes=\"auto, (max-width: 992px) 100vw, 992px\" \/><\/figure>\n\n\n\n<figure class=\"wp-block-image size-large\"><img loading=\"lazy\" decoding=\"async\" width=\"1024\" height=\"857\" data-id=\"1152\" src=\"https:\/\/senat.cm\/wp-content\/uploads\/2017\/08\/358674876_180892521634295_8871844349083251696_n-1024x857.jpeg\" alt=\"\" class=\"wp-image-1152\" srcset=\"https:\/\/senat.cm\/wp-content\/uploads\/2017\/08\/358674876_180892521634295_8871844349083251696_n-1024x857.jpeg 1024w, https:\/\/senat.cm\/wp-content\/uploads\/2017\/08\/358674876_180892521634295_8871844349083251696_n-300x251.jpeg 300w, https:\/\/senat.cm\/wp-content\/uploads\/2017\/08\/358674876_180892521634295_8871844349083251696_n-768x643.jpeg 768w, https:\/\/senat.cm\/wp-content\/uploads\/2017\/08\/358674876_180892521634295_8871844349083251696_n-120x100.jpeg 120w, https:\/\/senat.cm\/wp-content\/uploads\/2017\/08\/358674876_180892521634295_8871844349083251696_n.jpeg 1080w\" sizes=\"auto, (max-width: 1024px) 100vw, 1024px\" \/><\/figure>\n<\/figure>\n","protected":false},"excerpt":{"rendered":"<p>EST: ET VOICI LE &#8220;CACERE&#8221;! Les S\u00e9nateurs de la R\u00e9gion viennent de metrre sur pieds le *CADRE DE CONCERTATION DES \u00c9LUS DE LA R\u00c9GION DE L&#8217;EST (CACERE)*. C&#8217;\u00e9tait au cours d&#8217;une rencontre tenue ce 12 juillet \u00e0 Bertoua. C&#8217;est un Cadre de concertation qui r\u00e9unit les S\u00e9nateurs, les membres du bureau du Conseil R\u00e9gional et [&hellip;]<\/p>\n","protected":false},"author":1,"featured_media":1155,"comment_status":"open","ping_status":"open","sticky":false,"template":"","format":"standard","meta":{"_monsterinsights_skip_tracking":false,"_monsterinsights_sitenote_active":false,"_monsterinsights_sitenote_note":"","_monsterinsights_sitenote_category":0,"footnotes":""},"categories":[1],"tags":[],"post_folder":[],"class_list":["post-506","post","type-post","status-publish","format-standard","has-post-thumbnail","hentry","category-non-classe"],"_links":{"self":[{"href":"https:\/\/senat.cm\/index.php?rest_route=\/wp\/v2\/posts\/506","targetHints":{"allow":["GET"]}}],"collection":[{"href":"https:\/\/senat.cm\/index.php?rest_route=\/wp\/v2\/posts"}],"about":[{"href":"https:\/\/senat.cm\/index.php?rest_route=\/wp\/v2\/types\/post"}],"author":[{"embeddable":true,"href":"https:\/\/senat.cm\/index.php?rest_route=\/wp\/v2\/users\/1"}],"replies":[{"embeddable":true,"href":"https:\/\/senat.cm\/index.php?rest_route=%2Fwp%2Fv2%2Fcomments&post=506"}],"version-history":[{"count":2,"href":"https:\/\/senat.cm\/index.php?rest_route=\/wp\/v2\/posts\/506\/revisions"}],"predecessor-version":[{"id":1158,"href":"https:\/\/senat.cm\/index.php?rest_route=\/wp\/v2\/posts\/506\/revisions\/1158"}],"wp:featuredmedia":[{"embeddable":true,"href":"https:\/\/senat.cm\/index.php?rest_route=\/wp\/v2\/media\/1155"}],"wp:attachment":[{"href":"https:\/\/senat.cm\/index.php?rest_route=%2Fwp%2Fv2%2Fmedia&parent=506"}],"wp:term":[{"taxonomy":"category","embeddable":true,"href":"https:\/\/senat.cm\/index.php?rest_route=%2Fwp%2Fv2%2Fcategories&post=506"},{"taxonomy":"post_tag","embeddable":true,"href":"https:\/\/senat.cm\/index.php?rest_route=%2Fwp%2Fv2%2Ftags&post=506"},{"taxonomy":"post_folder","embeddable":true,"href":"https:\/\/senat.cm\/index.php?rest_route=%2Fwp%2Fv2%2Fpost_folder&post=506"}],"curies":[{"name":"wp","href":"https:\/\/api.w.org\/{rel}","templated":true}]}}